{"id":91,"date":"2018-02-05T07:00:39","date_gmt":"2018-02-05T06:00:39","guid":{"rendered":"http:\/\/audioactif.fr\/vhs\/?p=91"},"modified":"2018-09-17T15:27:07","modified_gmt":"2018-09-17T13:27:07","slug":"steven-seagal-sa-vie-son-oeuvre-ses-moulinets","status":"publish","type":"post","link":"https:\/\/audioactif.fr\/vhs\/2018\/02\/05\/steven-seagal-sa-vie-son-oeuvre-ses-moulinets\/","title":{"rendered":"Steven Seagal : sa vie, son oeuvre&#8230; ses moulinets !"},"content":{"rendered":"<div style=\"text-align:center\"><img loading=\"lazy\" decoding=\"async\" width=\"1400\" height=\"1400\" src=\"https:\/\/audioactif.fr\/vhs\/wp-content\/uploads\/sites\/4\/2018\/06\/big_custom_cover_5a75faa5a9b49718b6005ad1.jpg\" class=\"attachment-post-thumbnail size-post-thumbnail wp-post-image\" alt=\"Steven Seagal : sa vie, son oeuvre&#8230; ses moulinets !\" title=\"Steven Seagal : sa vie, son oeuvre&#8230; ses moulinets !\" srcset=\"https:\/\/audioactif.fr\/vhs\/wp-content\/uploads\/sites\/4\/2018\/06\/big_custom_cover_5a75faa5a9b49718b6005ad1.jpg 1400w, https:\/\/audioactif.fr\/vhs\/wp-content\/uploads\/sites\/4\/2018\/06\/big_custom_cover_5a75faa5a9b49718b6005ad1-150x150.jpg 150w, https:\/\/audioactif.fr\/vhs\/wp-content\/uploads\/sites\/4\/2018\/06\/big_custom_cover_5a75faa5a9b49718b6005ad1-300x300.jpg 300w, https:\/\/audioactif.fr\/vhs\/wp-content\/uploads\/sites\/4\/2018\/06\/big_custom_cover_5a75faa5a9b49718b6005ad1-768x768.jpg 768w, https:\/\/audioactif.fr\/vhs\/wp-content\/uploads\/sites\/4\/2018\/06\/big_custom_cover_5a75faa5a9b49718b6005ad1-1024x1024.jpg 1024w, https:\/\/audioactif.fr\/vhs\/wp-content\/uploads\/sites\/4\/2018\/06\/big_custom_cover_5a75faa5a9b49718b6005ad1-250x250.jpg 250w, https:\/\/audioactif.fr\/vhs\/wp-content\/uploads\/sites\/4\/2018\/06\/big_custom_cover_5a75faa5a9b49718b6005ad1-125x125.jpg 125w, https:\/\/audioactif.fr\/vhs\/wp-content\/uploads\/sites\/4\/2018\/06\/big_custom_cover_5a75faa5a9b49718b6005ad1-110x110.jpg 110w, https:\/\/audioactif.fr\/vhs\/wp-content\/uploads\/sites\/4\/2018\/06\/big_custom_cover_5a75faa5a9b49718b6005ad1-420x420.jpg 420w, https:\/\/audioactif.fr\/vhs\/wp-content\/uploads\/sites\/4\/2018\/06\/big_custom_cover_5a75faa5a9b49718b6005ad1-430x430.jpg 430w\" sizes=\"(max-width: 1400px) 100vw, 1400px\" \/><\/div><p>R\u00e9guli\u00e8rement nomm\u00e9 au fil des \u00e9missions, Steven Seagal a enfin droit \u00e0 un num\u00e9ro tout entier consacr\u00e9 \u00e0 sa gloire&#8230; 3h45 de discussion autour de l&#8217;homme, de la l\u00e9gende&#8230; et des myst\u00e8res qui l&#8217;entourent. Creepers et Billou d\u00e9ballent tout au p\u00e9ril de leur vie pour que Saumon Agile n&#8217;est plus de secret pour vous !<\/p>\n<p>Camarade bourrinos accrochez vous \u00e7a va d\u00e9coiffer !!<\/p>\n<p><center><iframe loading=\"lazy\" src=\"https:\/\/widget.ausha.co\/index.html?podcastId=blwqSzxQ89Py&amp;width=100%25&amp;color=%2372238E&amp;mode=single&amp;display=horizontal&amp;v=1\" width=\"100%\" height=\"undefined\" frameborder=\"0\"><\/iframe><\/center><\/p>\n","protected":false},"excerpt":{"rendered":"<p>R\u00e9guli\u00e8rement nomm\u00e9 au fil des \u00e9missions, Steven Seagal a enfin droit \u00e0 un num\u00e9ro tout entier consacr\u00e9 \u00e0 sa gloire&#8230; 3h45 de discussion autour de l&#8217;homme, de la l\u00e9gende&#8230; et des myst\u00e8res qui l&#8217;entourent. Creepers et Billou d\u00e9ballent tout au p\u00e9ril de leur vie pour que Saumon Agile n&#8217;est plus de secret pour vous ! [&hellip;]<\/p>\n","protected":false},"author":1,"featured_media":92,"comment_status":"open","ping_status":"open","sticky":false,"template":"","format":"standard","meta":{"cybocfi_hide_featured_image":"","footnotes":"","fifu_image_url":"","fifu_image_alt":"","_vp_format_video_url":"","_vp_image_focal_point":[]},"categories":[2],"tags":[],"views":1036,"_links":{"self":[{"href":"https:\/\/audioactif.fr\/vhs\/wp-json\/wp\/v2\/posts\/91"}],"collection":[{"href":"https:\/\/audioactif.fr\/vhs\/wp-json\/wp\/v2\/posts"}],"about":[{"href":"https:\/\/audioactif.fr\/vhs\/wp-json\/wp\/v2\/types\/post"}],"author":[{"embeddable":true,"href":"https:\/\/audioactif.fr\/vhs\/wp-json\/wp\/v2\/users\/1"}],"replies":[{"embeddable":true,"href":"https:\/\/audioactif.fr\/vhs\/wp-json\/wp\/v2\/comments?post=91"}],"version-history":[{"count":3,"href":"https:\/\/audioactif.fr\/vhs\/wp-json\/wp\/v2\/posts\/91\/revisions"}],"predecessor-version":[{"id":255,"href":"https:\/\/audioactif.fr\/vhs\/wp-json\/wp\/v2\/posts\/91\/revisions\/255"}],"wp:featuredmedia":[{"embeddable":true,"href":"https:\/\/audioactif.fr\/vhs\/wp-json\/wp\/v2\/media\/92"}],"wp:attachment":[{"href":"https:\/\/audioactif.fr\/vhs\/wp-json\/wp\/v2\/media?parent=91"}],"wp:term":[{"taxonomy":"category","embeddable":true,"href":"https:\/\/audioactif.fr\/vhs\/wp-json\/wp\/v2\/categories?post=91"},{"taxonomy":"post_tag","embeddable":true,"href":"https:\/\/audioactif.fr\/vhs\/wp-json\/wp\/v2\/tags?post=91"}],"curies":[{"name":"wp","href":"https:\/\/api.w.org\/{rel}","templated":true}]}}