{"id":69,"date":"2016-10-03T07:00:25","date_gmt":"2016-10-03T05:00:25","guid":{"rendered":"http:\/\/audioactif.fr\/vhs\/?p=69"},"modified":"2018-09-17T15:53:20","modified_gmt":"2018-09-17T13:53:20","slug":"jcvd-aware-et-contre-tous","status":"publish","type":"post","link":"https:\/\/audioactif.fr\/vhs\/2016\/10\/03\/jcvd-aware-et-contre-tous\/","title":{"rendered":"JCVD, Aware et contre tous"},"content":{"rendered":"<div style=\"text-align:center\"><img loading=\"lazy\" decoding=\"async\" width=\"1400\" height=\"1400\" src=\"https:\/\/audioactif.fr\/vhs\/wp-content\/uploads\/sites\/4\/2017\/01\/big_custom_cover_57f0afd16e7334364f661600.jpg\" class=\"attachment-post-thumbnail size-post-thumbnail wp-post-image\" alt=\"JCVD, Aware et contre tous\" title=\"JCVD, Aware et contre tous\" srcset=\"https:\/\/audioactif.fr\/vhs\/wp-content\/uploads\/sites\/4\/2017\/01\/big_custom_cover_57f0afd16e7334364f661600.jpg 1400w, https:\/\/audioactif.fr\/vhs\/wp-content\/uploads\/sites\/4\/2017\/01\/big_custom_cover_57f0afd16e7334364f661600-150x150.jpg 150w, https:\/\/audioactif.fr\/vhs\/wp-content\/uploads\/sites\/4\/2017\/01\/big_custom_cover_57f0afd16e7334364f661600-300x300.jpg 300w, https:\/\/audioactif.fr\/vhs\/wp-content\/uploads\/sites\/4\/2017\/01\/big_custom_cover_57f0afd16e7334364f661600-768x768.jpg 768w, https:\/\/audioactif.fr\/vhs\/wp-content\/uploads\/sites\/4\/2017\/01\/big_custom_cover_57f0afd16e7334364f661600-1024x1024.jpg 1024w, https:\/\/audioactif.fr\/vhs\/wp-content\/uploads\/sites\/4\/2017\/01\/big_custom_cover_57f0afd16e7334364f661600-250x250.jpg 250w, https:\/\/audioactif.fr\/vhs\/wp-content\/uploads\/sites\/4\/2017\/01\/big_custom_cover_57f0afd16e7334364f661600-125x125.jpg 125w, https:\/\/audioactif.fr\/vhs\/wp-content\/uploads\/sites\/4\/2017\/01\/big_custom_cover_57f0afd16e7334364f661600-110x110.jpg 110w, https:\/\/audioactif.fr\/vhs\/wp-content\/uploads\/sites\/4\/2017\/01\/big_custom_cover_57f0afd16e7334364f661600-420x420.jpg 420w, https:\/\/audioactif.fr\/vhs\/wp-content\/uploads\/sites\/4\/2017\/01\/big_custom_cover_57f0afd16e7334364f661600-430x430.jpg 430w\" sizes=\"(max-width: 1400px) 100vw, 1400px\" \/><\/div><p>Apr\u00e8s une grosse pause, on revient enfin pour \u00e9voquer la carri\u00e8re de Jean-Claude Van Damme, acteur culte malmen\u00e9 par le grand public et les m\u00e9dias&#8230; ouai JC on t&#8217;aime et on prend 3h pour te le dire !<br \/>\n<iframe loading=\"lazy\" height=\"undefined\" width=\"100%\" frameborder=\"0\" src=\"https:\/\/widget.ausha.co\/index.html?podcastId=yJkPUaqQm9wb&#038;width=100%25&#038;color=%2372238E&#038;mode=single&#038;display=horizontal&#038;v=1\"><\/iframe><\/p>\n","protected":false},"excerpt":{"rendered":"<p>Apr\u00e8s une grosse pause, on revient enfin pour \u00e9voquer la carri\u00e8re de Jean-Claude Van Damme, acteur culte malmen\u00e9 par le grand public et les m\u00e9dias&#8230; ouai JC on t&#8217;aime et on prend 3h pour te le dire !<\/p>\n","protected":false},"author":1,"featured_media":74,"comment_status":"open","ping_status":"open","sticky":false,"template":"","format":"standard","meta":{"cybocfi_hide_featured_image":"","footnotes":"","fifu_image_url":"","fifu_image_alt":"","_vp_format_video_url":"","_vp_image_focal_point":[]},"categories":[2],"tags":[],"views":993,"_links":{"self":[{"href":"https:\/\/audioactif.fr\/vhs\/wp-json\/wp\/v2\/posts\/69"}],"collection":[{"href":"https:\/\/audioactif.fr\/vhs\/wp-json\/wp\/v2\/posts"}],"about":[{"href":"https:\/\/audioactif.fr\/vhs\/wp-json\/wp\/v2\/types\/post"}],"author":[{"embeddable":true,"href":"https:\/\/audioactif.fr\/vhs\/wp-json\/wp\/v2\/users\/1"}],"replies":[{"embeddable":true,"href":"https:\/\/audioactif.fr\/vhs\/wp-json\/wp\/v2\/comments?post=69"}],"version-history":[{"count":2,"href":"https:\/\/audioactif.fr\/vhs\/wp-json\/wp\/v2\/posts\/69\/revisions"}],"predecessor-version":[{"id":293,"href":"https:\/\/audioactif.fr\/vhs\/wp-json\/wp\/v2\/posts\/69\/revisions\/293"}],"wp:featuredmedia":[{"embeddable":true,"href":"https:\/\/audioactif.fr\/vhs\/wp-json\/wp\/v2\/media\/74"}],"wp:attachment":[{"href":"https:\/\/audioactif.fr\/vhs\/wp-json\/wp\/v2\/media?parent=69"}],"wp:term":[{"taxonomy":"category","embeddable":true,"href":"https:\/\/audioactif.fr\/vhs\/wp-json\/wp\/v2\/categories?post=69"},{"taxonomy":"post_tag","embeddable":true,"href":"https:\/\/audioactif.fr\/vhs\/wp-json\/wp\/v2\/tags?post=69"}],"curies":[{"name":"wp","href":"https:\/\/api.w.org\/{rel}","templated":true}]}}