{"id":644,"date":"2020-08-01T10:02:47","date_gmt":"2020-08-01T08:02:47","guid":{"rendered":"http:\/\/audioactif.fr\/vhs\/?p=644"},"modified":"2020-08-01T10:02:47","modified_gmt":"2020-08-01T08:02:47","slug":"le-13eme-guerrier","status":"publish","type":"post","link":"https:\/\/audioactif.fr\/vhs\/2020\/08\/01\/le-13eme-guerrier\/","title":{"rendered":"le 13\u00e8me guerrier"},"content":{"rendered":"<div style=\"text-align:center\"><img loading=\"lazy\" decoding=\"async\" width=\"400\" height=\"400\" src=\"https:\/\/audioactif.fr\/vhs\/wp-content\/uploads\/sites\/4\/2020\/08\/S9dBYJd6O0LgQbCjgtrh22kf8iglYylCFy326V4q_400x400.jpeg\" class=\"attachment-post-thumbnail size-post-thumbnail wp-post-image\" alt=\"le 13\u00e8me guerrier\" title=\"le 13\u00e8me guerrier\" srcset=\"https:\/\/audioactif.fr\/vhs\/wp-content\/uploads\/sites\/4\/2020\/08\/S9dBYJd6O0LgQbCjgtrh22kf8iglYylCFy326V4q_400x400.jpeg 400w, https:\/\/audioactif.fr\/vhs\/wp-content\/uploads\/sites\/4\/2020\/08\/S9dBYJd6O0LgQbCjgtrh22kf8iglYylCFy326V4q_400x400-300x300.jpeg 300w, https:\/\/audioactif.fr\/vhs\/wp-content\/uploads\/sites\/4\/2020\/08\/S9dBYJd6O0LgQbCjgtrh22kf8iglYylCFy326V4q_400x400-150x150.jpeg 150w, https:\/\/audioactif.fr\/vhs\/wp-content\/uploads\/sites\/4\/2020\/08\/S9dBYJd6O0LgQbCjgtrh22kf8iglYylCFy326V4q_400x400-250x250.jpeg 250w, https:\/\/audioactif.fr\/vhs\/wp-content\/uploads\/sites\/4\/2020\/08\/S9dBYJd6O0LgQbCjgtrh22kf8iglYylCFy326V4q_400x400-125x125.jpeg 125w, https:\/\/audioactif.fr\/vhs\/wp-content\/uploads\/sites\/4\/2020\/08\/S9dBYJd6O0LgQbCjgtrh22kf8iglYylCFy326V4q_400x400-110x110.jpeg 110w\" sizes=\"(max-width: 400px) 100vw, 400px\" \/><\/div><p><img loading=\"lazy\" decoding=\"async\" class=\"aligncenter size-full wp-image-645\" src=\"http:\/\/audioactif.fr\/vhs\/wp-content\/uploads\/sites\/4\/2020\/08\/S9dBYJd6O0LgQbCjgtrh22kf8iglYylCFy326V4q_400x400.jpeg\" alt=\"\" width=\"400\" height=\"400\" srcset=\"https:\/\/audioactif.fr\/vhs\/wp-content\/uploads\/sites\/4\/2020\/08\/S9dBYJd6O0LgQbCjgtrh22kf8iglYylCFy326V4q_400x400.jpeg 400w, https:\/\/audioactif.fr\/vhs\/wp-content\/uploads\/sites\/4\/2020\/08\/S9dBYJd6O0LgQbCjgtrh22kf8iglYylCFy326V4q_400x400-300x300.jpeg 300w, https:\/\/audioactif.fr\/vhs\/wp-content\/uploads\/sites\/4\/2020\/08\/S9dBYJd6O0LgQbCjgtrh22kf8iglYylCFy326V4q_400x400-150x150.jpeg 150w, https:\/\/audioactif.fr\/vhs\/wp-content\/uploads\/sites\/4\/2020\/08\/S9dBYJd6O0LgQbCjgtrh22kf8iglYylCFy326V4q_400x400-250x250.jpeg 250w, https:\/\/audioactif.fr\/vhs\/wp-content\/uploads\/sites\/4\/2020\/08\/S9dBYJd6O0LgQbCjgtrh22kf8iglYylCFy326V4q_400x400-125x125.jpeg 125w, https:\/\/audioactif.fr\/vhs\/wp-content\/uploads\/sites\/4\/2020\/08\/S9dBYJd6O0LgQbCjgtrh22kf8iglYylCFy326V4q_400x400-110x110.jpeg 110w\" sizes=\"(max-width: 400px) 100vw, 400px\" \/><\/p>\n<p>Aujourd&#8217;hui au vid\u00e9o-club nos amis vont parler d&#8217;un film maudit&#8230; &#8220;Le 13 \u00e8me Guerrier&#8221; de John McTtiernan qui a d\u00e9barqu\u00e9 dans les salles en 1999 et qui m\u00e9riterait carr\u00e9ment lui aussi qu&#8217;on lui accorde lui un petit #ReleaseTheMcTCut des familles m\u00eame si il est carr\u00e9ment peu probable que \u00e7a d\u00e9barque un jour !<\/p>\n<p>En tout cas en attendant un miracle, on discute du film bien tranquillement en esp\u00e8rant vous donner envie de le d\u00e9couvrir ou tout simplement de le revoir.<\/p>\n<p>Prenez soin de vous les bourrinos.<\/p>\n<p>Team VHS<\/p>\n<p style=\"text-align: center;\"><iframe style=\"border: none; width: 100%;\" src=\"https:\/\/widget.ausha.co\/index.html?podcastId=yAvAtpX9YNeb&amp;playlist=false&amp;color=%23f8e71c&amp;display=horizontal&amp;v=3\" height=\"220\" frameborder=\"0\"><\/iframe><\/p>\n","protected":false},"excerpt":{"rendered":"<p>Aujourd&#8217;hui au vid\u00e9o-club nos amis vont parler d&#8217;un film maudit&#8230; &#8220;Le 13 \u00e8me Guerrier&#8221; de John McTtiernan qui a d\u00e9barqu\u00e9 dans les salles en 1999 et qui m\u00e9riterait carr\u00e9ment lui aussi qu&#8217;on lui accorde lui un petit #ReleaseTheMcTCut des familles m\u00eame si il est carr\u00e9ment peu probable que \u00e7a d\u00e9barque un jour ! En tout [&hellip;]<\/p>\n","protected":false},"author":934,"featured_media":645,"comment_status":"open","ping_status":"open","sticky":false,"template":"","format":"standard","meta":{"cybocfi_hide_featured_image":"","footnotes":"","fifu_image_url":"","fifu_image_alt":"","_vp_format_video_url":"","_vp_image_focal_point":[]},"categories":[4],"tags":[],"views":1380,"_links":{"self":[{"href":"https:\/\/audioactif.fr\/vhs\/wp-json\/wp\/v2\/posts\/644"}],"collection":[{"href":"https:\/\/audioactif.fr\/vhs\/wp-json\/wp\/v2\/posts"}],"about":[{"href":"https:\/\/audioactif.fr\/vhs\/wp-json\/wp\/v2\/types\/post"}],"author":[{"embeddable":true,"href":"https:\/\/audioactif.fr\/vhs\/wp-json\/wp\/v2\/users\/934"}],"replies":[{"embeddable":true,"href":"https:\/\/audioactif.fr\/vhs\/wp-json\/wp\/v2\/comments?post=644"}],"version-history":[{"count":1,"href":"https:\/\/audioactif.fr\/vhs\/wp-json\/wp\/v2\/posts\/644\/revisions"}],"predecessor-version":[{"id":646,"href":"https:\/\/audioactif.fr\/vhs\/wp-json\/wp\/v2\/posts\/644\/revisions\/646"}],"wp:featuredmedia":[{"embeddable":true,"href":"https:\/\/audioactif.fr\/vhs\/wp-json\/wp\/v2\/media\/645"}],"wp:attachment":[{"href":"https:\/\/audioactif.fr\/vhs\/wp-json\/wp\/v2\/media?parent=644"}],"wp:term":[{"taxonomy":"category","embeddable":true,"href":"https:\/\/audioactif.fr\/vhs\/wp-json\/wp\/v2\/categories?post=644"},{"taxonomy":"post_tag","embeddable":true,"href":"https:\/\/audioactif.fr\/vhs\/wp-json\/wp\/v2\/tags?post=644"}],"curies":[{"name":"wp","href":"https:\/\/api.w.org\/{rel}","templated":true}]}}