{"id":425,"date":"2019-04-07T07:00:19","date_gmt":"2019-04-07T05:00:19","guid":{"rendered":"http:\/\/audioactif.fr\/vhs\/?p=425"},"modified":"2019-04-12T18:26:58","modified_gmt":"2019-04-12T16:26:58","slug":"y-a-til-un-flic-pour-sauver-le-podcast","status":"publish","type":"post","link":"https:\/\/audioactif.fr\/vhs\/2019\/04\/07\/y-a-til-un-flic-pour-sauver-le-podcast\/","title":{"rendered":"Y-a-t&#8217;il un flic pour sauver le podcast ?"},"content":{"rendered":"<div style=\"text-align:center\"><img loading=\"lazy\" decoding=\"async\" width=\"400\" height=\"400\" src=\"https:\/\/audioactif.fr\/vhs\/wp-content\/uploads\/sites\/4\/2019\/04\/Qmlu42xrt9SjiLzBOyXzs3mfUiVEiMwrOO0QY6er_1400x1400.jpeg\" class=\"attachment-post-thumbnail size-post-thumbnail wp-post-image\" alt=\"Y-a-t&#8217;il un flic pour sauver le podcast ?\" title=\"Y-a-t&#8217;il un flic pour sauver le podcast ?\" srcset=\"https:\/\/audioactif.fr\/vhs\/wp-content\/uploads\/sites\/4\/2019\/04\/Qmlu42xrt9SjiLzBOyXzs3mfUiVEiMwrOO0QY6er_1400x1400.jpeg 400w, https:\/\/audioactif.fr\/vhs\/wp-content\/uploads\/sites\/4\/2019\/04\/Qmlu42xrt9SjiLzBOyXzs3mfUiVEiMwrOO0QY6er_1400x1400-150x150.jpeg 150w, https:\/\/audioactif.fr\/vhs\/wp-content\/uploads\/sites\/4\/2019\/04\/Qmlu42xrt9SjiLzBOyXzs3mfUiVEiMwrOO0QY6er_1400x1400-300x300.jpeg 300w, https:\/\/audioactif.fr\/vhs\/wp-content\/uploads\/sites\/4\/2019\/04\/Qmlu42xrt9SjiLzBOyXzs3mfUiVEiMwrOO0QY6er_1400x1400-250x250.jpeg 250w, https:\/\/audioactif.fr\/vhs\/wp-content\/uploads\/sites\/4\/2019\/04\/Qmlu42xrt9SjiLzBOyXzs3mfUiVEiMwrOO0QY6er_1400x1400-125x125.jpeg 125w, https:\/\/audioactif.fr\/vhs\/wp-content\/uploads\/sites\/4\/2019\/04\/Qmlu42xrt9SjiLzBOyXzs3mfUiVEiMwrOO0QY6er_1400x1400-110x110.jpeg 110w\" sizes=\"(max-width: 400px) 100vw, 400px\" \/><\/div><p><img loading=\"lazy\" decoding=\"async\" class=\"aligncenter size-full wp-image-426\" src=\"http:\/\/audioactif.fr\/vhs\/wp-content\/uploads\/sites\/4\/2019\/04\/Qmlu42xrt9SjiLzBOyXzs3mfUiVEiMwrOO0QY6er_1400x1400.jpeg\" alt=\"\" width=\"400\" height=\"400\" srcset=\"https:\/\/audioactif.fr\/vhs\/wp-content\/uploads\/sites\/4\/2019\/04\/Qmlu42xrt9SjiLzBOyXzs3mfUiVEiMwrOO0QY6er_1400x1400.jpeg 400w, https:\/\/audioactif.fr\/vhs\/wp-content\/uploads\/sites\/4\/2019\/04\/Qmlu42xrt9SjiLzBOyXzs3mfUiVEiMwrOO0QY6er_1400x1400-150x150.jpeg 150w, https:\/\/audioactif.fr\/vhs\/wp-content\/uploads\/sites\/4\/2019\/04\/Qmlu42xrt9SjiLzBOyXzs3mfUiVEiMwrOO0QY6er_1400x1400-300x300.jpeg 300w, https:\/\/audioactif.fr\/vhs\/wp-content\/uploads\/sites\/4\/2019\/04\/Qmlu42xrt9SjiLzBOyXzs3mfUiVEiMwrOO0QY6er_1400x1400-250x250.jpeg 250w, https:\/\/audioactif.fr\/vhs\/wp-content\/uploads\/sites\/4\/2019\/04\/Qmlu42xrt9SjiLzBOyXzs3mfUiVEiMwrOO0QY6er_1400x1400-125x125.jpeg 125w, https:\/\/audioactif.fr\/vhs\/wp-content\/uploads\/sites\/4\/2019\/04\/Qmlu42xrt9SjiLzBOyXzs3mfUiVEiMwrOO0QY6er_1400x1400-110x110.jpeg 110w\" sizes=\"(max-width: 400px) 100vw, 400px\" \/><\/p>\n<p>Camarade bourrinos soyez la bienvenue pour un nouveau dossier VHS &amp; CANAPE avec ce mois-ci un sujet vraiment diff\u00e9rent de ce que l&#8217;on vous propose depuis nos d\u00e9buts. Rano &amp; Billou se sont donn\u00e9s rendez-vous pour vous pr\u00e9senter une \u00e9mission consacr\u00e9e \u00e0 la parodie, un style de film bien particulier dans la com\u00e9die puisqu&#8217;il s&#8217;amuse des codes d&#8217;un genre et jongle avec les r\u00e9f\u00e9rences tout en essayant de respecter ce dont il se moque en complicit\u00e9 avec le spectateur.<\/p>\n<p>Pr\u00e9parez vous \u00e0 voyager dans les origines de la parodie avec nos deux comp\u00e8res, on esp\u00e8re que vous allez apprendre autant que vous allez vous marrer&#8230;<\/p>\n<p>Amusez vous bien !<\/p>\n<p>Team VHS<\/p>\n<p><iframe loading=\"lazy\" src=\"https:\/\/widget.ausha.co\/index.html?showId=yvqjfkQe80ro&amp;color=%2372238e&amp;v=2&amp;display=horizontal&amp;podcastId=BD2ms01DmXOy&amp;height=200px&amp;width=100%25\" width=\"100%\" height=\"200px\" frameborder=\"0\"><\/iframe><\/p>\n","protected":false},"excerpt":{"rendered":"<p>Camarade bourrinos soyez la bienvenue pour un nouveau dossier VHS &amp; CANAPE avec ce mois-ci un sujet vraiment diff\u00e9rent de ce que l&#8217;on vous propose depuis nos d\u00e9buts. Rano &amp; Billou se sont donn\u00e9s rendez-vous pour vous pr\u00e9senter une \u00e9mission consacr\u00e9e \u00e0 la parodie, un style de film bien particulier dans la com\u00e9die puisqu&#8217;il s&#8217;amuse [&hellip;]<\/p>\n","protected":false},"author":934,"featured_media":426,"comment_status":"open","ping_status":"open","sticky":false,"template":"","format":"standard","meta":{"cybocfi_hide_featured_image":"","footnotes":"","fifu_image_url":"","fifu_image_alt":"","_vp_format_video_url":"","_vp_image_focal_point":[]},"categories":[2],"tags":[],"views":1444,"_links":{"self":[{"href":"https:\/\/audioactif.fr\/vhs\/wp-json\/wp\/v2\/posts\/425"}],"collection":[{"href":"https:\/\/audioactif.fr\/vhs\/wp-json\/wp\/v2\/posts"}],"about":[{"href":"https:\/\/audioactif.fr\/vhs\/wp-json\/wp\/v2\/types\/post"}],"author":[{"embeddable":true,"href":"https:\/\/audioactif.fr\/vhs\/wp-json\/wp\/v2\/users\/934"}],"replies":[{"embeddable":true,"href":"https:\/\/audioactif.fr\/vhs\/wp-json\/wp\/v2\/comments?post=425"}],"version-history":[{"count":1,"href":"https:\/\/audioactif.fr\/vhs\/wp-json\/wp\/v2\/posts\/425\/revisions"}],"predecessor-version":[{"id":427,"href":"https:\/\/audioactif.fr\/vhs\/wp-json\/wp\/v2\/posts\/425\/revisions\/427"}],"wp:featuredmedia":[{"embeddable":true,"href":"https:\/\/audioactif.fr\/vhs\/wp-json\/wp\/v2\/media\/426"}],"wp:attachment":[{"href":"https:\/\/audioactif.fr\/vhs\/wp-json\/wp\/v2\/media?parent=425"}],"wp:term":[{"taxonomy":"category","embeddable":true,"href":"https:\/\/audioactif.fr\/vhs\/wp-json\/wp\/v2\/categories?post=425"},{"taxonomy":"post_tag","embeddable":true,"href":"https:\/\/audioactif.fr\/vhs\/wp-json\/wp\/v2\/tags?post=425"}],"curies":[{"name":"wp","href":"https:\/\/api.w.org\/{rel}","templated":true}]}}