{"id":223,"date":"2018-08-27T07:00:40","date_gmt":"2018-08-27T05:00:40","guid":{"rendered":"http:\/\/audioactif.fr\/vhs\/?p=223"},"modified":"2018-09-17T15:25:37","modified_gmt":"2018-09-17T13:25:37","slug":"escale-a-la-nuit-nanarland","status":"publish","type":"post","link":"https:\/\/audioactif.fr\/vhs\/2018\/08\/27\/escale-a-la-nuit-nanarland\/","title":{"rendered":"Escale \u00e0 la nuit nanarland"},"content":{"rendered":"<div style=\"text-align:center\"><img loading=\"lazy\" decoding=\"async\" width=\"750\" height=\"750\" src=\"https:\/\/audioactif.fr\/vhs\/wp-content\/uploads\/sites\/4\/2018\/08\/BAN-19.png\" class=\"attachment-post-thumbnail size-post-thumbnail wp-post-image\" alt=\"Escale \u00e0 la nuit nanarland\" title=\"Escale \u00e0 la nuit nanarland\" srcset=\"https:\/\/audioactif.fr\/vhs\/wp-content\/uploads\/sites\/4\/2018\/08\/BAN-19.png 750w, https:\/\/audioactif.fr\/vhs\/wp-content\/uploads\/sites\/4\/2018\/08\/BAN-19-150x150.png 150w, https:\/\/audioactif.fr\/vhs\/wp-content\/uploads\/sites\/4\/2018\/08\/BAN-19-300x300.png 300w, https:\/\/audioactif.fr\/vhs\/wp-content\/uploads\/sites\/4\/2018\/08\/BAN-19-250x250.png 250w, https:\/\/audioactif.fr\/vhs\/wp-content\/uploads\/sites\/4\/2018\/08\/BAN-19-125x125.png 125w, https:\/\/audioactif.fr\/vhs\/wp-content\/uploads\/sites\/4\/2018\/08\/BAN-19-110x110.png 110w, https:\/\/audioactif.fr\/vhs\/wp-content\/uploads\/sites\/4\/2018\/08\/BAN-19-420x420.png 420w, https:\/\/audioactif.fr\/vhs\/wp-content\/uploads\/sites\/4\/2018\/08\/BAN-19-430x430.png 430w\" sizes=\"(max-width: 750px) 100vw, 750px\" \/><\/div><p>Le 22 septembre la grande du nanar aura lieu dans la superbe salle de cin\u00e9ma du Grand Rex \u00e0 Paris et si tout va bien Creepers et Rone y seront pour griller les quelques neurones qui restent dans leur pauvre t\u00eate ! Comme on aime La Nuit Nanarland et qu&#8217;on a tr\u00e8s envie de vous motiver \u00e0 venir nous rejoindre, nous avons d\u00e9cid\u00e9 de discuter un peu de l&#8217;\u00e9v\u00e8nement avec Rico et Fabien du site nanarland&#8230; l&#8217;occasion pour leur dire tout le bien que l&#8217;on pense du travail de la team Nanarland sur leurs multiples projets !<br \/>\nEnjoy et on esp\u00e8re vous voir le 22 septembre !<br \/>\nLien pour \u00e9couter Shark Parade :<br \/>\nhttps:\/\/podcloud.fr\/podcast\/sharkparade<br \/>\nLien pour \u00e9couter le podcast Nanarland :<br \/>\nhttps:\/\/podcloud.fr\/podcast\/nanarland-le-podcast<br \/>\nLien pour les Escales \u00e0 Nanarland :<br \/>\nhttps:\/\/podcloud.fr\/podcast\/allocine-escale-a-nanarland<br \/>\nBande-annonce de La Nuit Nanarland 3 :<br \/>\n<iframe loading=\"lazy\" width=\"640\" height=\"360\" src=\"https:\/\/www.youtube.com\/embed\/-5SdGSOvs-8?feature=oembed\" frameborder=\"0\" allow=\"autoplay; encrypted-media\" allowfullscreen><\/iframe><\/p>\n<p><center><iframe loading=\"lazy\" src=\"https:\/\/widget.ausha.co\/index.html?podcastId=yAvAtMK52Qab&amp;width=100%25&amp;color=%2372238E&amp;mode=single&amp;display=horizontal&amp;v=1\" width=\"100%\" height=\"undefined\" frameborder=\"0\"><\/iframe><\/center><\/p>\n","protected":false},"excerpt":{"rendered":"<p>Le 22 septembre la grande du nanar aura lieu dans la superbe salle de cin\u00e9ma du Grand Rex \u00e0 Paris et si tout va bien Creepers et Rone y seront pour griller les quelques neurones qui restent dans leur pauvre t\u00eate ! Comme on aime La Nuit Nanarland et qu&#8217;on a tr\u00e8s envie de vous [&hellip;]<\/p>\n","protected":false},"author":1,"featured_media":224,"comment_status":"open","ping_status":"open","sticky":false,"template":"","format":"standard","meta":{"cybocfi_hide_featured_image":"","footnotes":"","fifu_image_url":"","fifu_image_alt":"","_vp_format_video_url":"","_vp_image_focal_point":[]},"categories":[10,2],"tags":[],"views":1334,"_links":{"self":[{"href":"https:\/\/audioactif.fr\/vhs\/wp-json\/wp\/v2\/posts\/223"}],"collection":[{"href":"https:\/\/audioactif.fr\/vhs\/wp-json\/wp\/v2\/posts"}],"about":[{"href":"https:\/\/audioactif.fr\/vhs\/wp-json\/wp\/v2\/types\/post"}],"author":[{"embeddable":true,"href":"https:\/\/audioactif.fr\/vhs\/wp-json\/wp\/v2\/users\/1"}],"replies":[{"embeddable":true,"href":"https:\/\/audioactif.fr\/vhs\/wp-json\/wp\/v2\/comments?post=223"}],"version-history":[{"count":3,"href":"https:\/\/audioactif.fr\/vhs\/wp-json\/wp\/v2\/posts\/223\/revisions"}],"predecessor-version":[{"id":253,"href":"https:\/\/audioactif.fr\/vhs\/wp-json\/wp\/v2\/posts\/223\/revisions\/253"}],"wp:featuredmedia":[{"embeddable":true,"href":"https:\/\/audioactif.fr\/vhs\/wp-json\/wp\/v2\/media\/224"}],"wp:attachment":[{"href":"https:\/\/audioactif.fr\/vhs\/wp-json\/wp\/v2\/media?parent=223"}],"wp:term":[{"taxonomy":"category","embeddable":true,"href":"https:\/\/audioactif.fr\/vhs\/wp-json\/wp\/v2\/categories?post=223"},{"taxonomy":"post_tag","embeddable":true,"href":"https:\/\/audioactif.fr\/vhs\/wp-json\/wp\/v2\/tags?post=223"}],"curies":[{"name":"wp","href":"https:\/\/api.w.org\/{rel}","templated":true}]}}