{"id":193,"date":"2018-06-11T07:00:47","date_gmt":"2018-06-11T05:00:47","guid":{"rendered":"http:\/\/audioactif.fr\/vhs\/?p=193"},"modified":"2018-09-17T15:33:11","modified_gmt":"2018-09-17T13:33:11","slug":"police-federale-los-angeles","status":"publish","type":"post","link":"https:\/\/audioactif.fr\/vhs\/2018\/06\/11\/police-federale-los-angeles\/","title":{"rendered":"Police f\u00e9d\u00e9rale Los Angeles"},"content":{"rendered":"<div style=\"text-align:center\"><img loading=\"lazy\" decoding=\"async\" width=\"750\" height=\"750\" src=\"https:\/\/audioactif.fr\/vhs\/wp-content\/uploads\/sites\/4\/2018\/08\/BAN-10.png\" class=\"attachment-post-thumbnail size-post-thumbnail wp-post-image\" alt=\"Police f\u00e9d\u00e9rale Los Angeles\" title=\"Police f\u00e9d\u00e9rale Los Angeles\" srcset=\"https:\/\/audioactif.fr\/vhs\/wp-content\/uploads\/sites\/4\/2018\/08\/BAN-10.png 750w, https:\/\/audioactif.fr\/vhs\/wp-content\/uploads\/sites\/4\/2018\/08\/BAN-10-150x150.png 150w, https:\/\/audioactif.fr\/vhs\/wp-content\/uploads\/sites\/4\/2018\/08\/BAN-10-300x300.png 300w, https:\/\/audioactif.fr\/vhs\/wp-content\/uploads\/sites\/4\/2018\/08\/BAN-10-250x250.png 250w, https:\/\/audioactif.fr\/vhs\/wp-content\/uploads\/sites\/4\/2018\/08\/BAN-10-125x125.png 125w, https:\/\/audioactif.fr\/vhs\/wp-content\/uploads\/sites\/4\/2018\/08\/BAN-10-110x110.png 110w, https:\/\/audioactif.fr\/vhs\/wp-content\/uploads\/sites\/4\/2018\/08\/BAN-10-420x420.png 420w, https:\/\/audioactif.fr\/vhs\/wp-content\/uploads\/sites\/4\/2018\/08\/BAN-10-430x430.png 430w\" sizes=\"(max-width: 750px) 100vw, 750px\" \/><\/div><p>Surprise aujourd&#8217;hui dans le vid\u00e9oclub, l&#8217;ami Rico des podcasts Nanarland et Shark Parade d\u00e9cide d&#8217;octroyer une pause \u00e0 son cerveau qui n&#8217;en peut plus de se taper que des mauvais films sympathiques ! Aujourd\u2019hui place \u00e0 un grand film puisqu&#8217;il rapporte la VHS de &#8220;Police F\u00e9d\u00e9rale Los Angeles&#8221; de William Friedkin sorti en salle en 1985 ! Si apr\u00e8s l&#8217;\u00e9coute de ce podcast vous n&#8217;avez pas envie d&#8217;\u00e9couter du Wang Chung en roulant sous le soleil c&#8217;est que quelque chose cloche chez vous&#8230;<br \/>\n<center><iframe loading=\"lazy\" height=\"undefined\" width=\"100%\" frameborder=\"0\" src=\"https:\/\/widget.ausha.co\/index.html?podcastId=zypGqIQ6jRZo&#038;width=100%25&#038;color=%2372238E&#038;mode=single&#038;display=horizontal&#038;v=1\"><\/iframe><\/p>\n","protected":false},"excerpt":{"rendered":"<p>Surprise aujourd&#8217;hui dans le vid\u00e9oclub, l&#8217;ami Rico des podcasts Nanarland et Shark Parade d\u00e9cide d&#8217;octroyer une pause \u00e0 son cerveau qui n&#8217;en peut plus de se taper que des mauvais films sympathiques ! Aujourd\u2019hui place \u00e0 un grand film puisqu&#8217;il rapporte la VHS de &#8220;Police F\u00e9d\u00e9rale Los Angeles&#8221; de William Friedkin sorti en salle en [&hellip;]<\/p>\n","protected":false},"author":1,"featured_media":194,"comment_status":"open","ping_status":"open","sticky":false,"template":"","format":"standard","meta":{"cybocfi_hide_featured_image":"","footnotes":"","fifu_image_url":"","fifu_image_alt":"","_vp_format_video_url":"","_vp_image_focal_point":[]},"categories":[4],"tags":[],"views":1170,"_links":{"self":[{"href":"https:\/\/audioactif.fr\/vhs\/wp-json\/wp\/v2\/posts\/193"}],"collection":[{"href":"https:\/\/audioactif.fr\/vhs\/wp-json\/wp\/v2\/posts"}],"about":[{"href":"https:\/\/audioactif.fr\/vhs\/wp-json\/wp\/v2\/types\/post"}],"author":[{"embeddable":true,"href":"https:\/\/audioactif.fr\/vhs\/wp-json\/wp\/v2\/users\/1"}],"replies":[{"embeddable":true,"href":"https:\/\/audioactif.fr\/vhs\/wp-json\/wp\/v2\/comments?post=193"}],"version-history":[{"count":2,"href":"https:\/\/audioactif.fr\/vhs\/wp-json\/wp\/v2\/posts\/193\/revisions"}],"predecessor-version":[{"id":261,"href":"https:\/\/audioactif.fr\/vhs\/wp-json\/wp\/v2\/posts\/193\/revisions\/261"}],"wp:featuredmedia":[{"embeddable":true,"href":"https:\/\/audioactif.fr\/vhs\/wp-json\/wp\/v2\/media\/194"}],"wp:attachment":[{"href":"https:\/\/audioactif.fr\/vhs\/wp-json\/wp\/v2\/media?parent=193"}],"wp:term":[{"taxonomy":"category","embeddable":true,"href":"https:\/\/audioactif.fr\/vhs\/wp-json\/wp\/v2\/categories?post=193"},{"taxonomy":"post_tag","embeddable":true,"href":"https:\/\/audioactif.fr\/vhs\/wp-json\/wp\/v2\/tags?post=193"}],"curies":[{"name":"wp","href":"https:\/\/api.w.org\/{rel}","templated":true}]}}