{"id":189,"date":"2018-06-04T07:00:48","date_gmt":"2018-06-04T05:00:48","guid":{"rendered":"http:\/\/audioactif.fr\/vhs\/?p=189"},"modified":"2018-09-17T15:34:07","modified_gmt":"2018-09-17T13:34:07","slug":"le-sous-sol-de-la-peur","status":"publish","type":"post","link":"https:\/\/audioactif.fr\/vhs\/2018\/06\/04\/le-sous-sol-de-la-peur\/","title":{"rendered":"Le sous sol de la peur"},"content":{"rendered":"<div style=\"text-align:center\"><img loading=\"lazy\" decoding=\"async\" width=\"750\" height=\"750\" src=\"https:\/\/audioactif.fr\/vhs\/wp-content\/uploads\/sites\/4\/2018\/08\/BAN-9.png\" class=\"attachment-post-thumbnail size-post-thumbnail wp-post-image\" alt=\"Le sous sol de la peur\" title=\"Le sous sol de la peur\" srcset=\"https:\/\/audioactif.fr\/vhs\/wp-content\/uploads\/sites\/4\/2018\/08\/BAN-9.png 750w, https:\/\/audioactif.fr\/vhs\/wp-content\/uploads\/sites\/4\/2018\/08\/BAN-9-150x150.png 150w, https:\/\/audioactif.fr\/vhs\/wp-content\/uploads\/sites\/4\/2018\/08\/BAN-9-300x300.png 300w, https:\/\/audioactif.fr\/vhs\/wp-content\/uploads\/sites\/4\/2018\/08\/BAN-9-250x250.png 250w, https:\/\/audioactif.fr\/vhs\/wp-content\/uploads\/sites\/4\/2018\/08\/BAN-9-125x125.png 125w, https:\/\/audioactif.fr\/vhs\/wp-content\/uploads\/sites\/4\/2018\/08\/BAN-9-110x110.png 110w, https:\/\/audioactif.fr\/vhs\/wp-content\/uploads\/sites\/4\/2018\/08\/BAN-9-420x420.png 420w, https:\/\/audioactif.fr\/vhs\/wp-content\/uploads\/sites\/4\/2018\/08\/BAN-9-430x430.png 430w\" sizes=\"(max-width: 750px) 100vw, 750px\" \/><\/div><p>Aujourd&#8217;hui Luc du podcast &#8220;Retour vers le Turfu&#8221; rapporte la VHS du film &#8220;Le Sous Sol de la peur&#8221; de Wes Craven. Avec Rone ils vont discuter de ce film qui avait marqu\u00e9 notre invit\u00e9 dans sa jeunesse et ils en profiteront pour faire un petit point sur la carri\u00e8re de Wes Craven.<\/p>\n<p>Pour d\u00e9couvrir les \u00e9missions de nos amis de &#8220;Retour vers le Turfu&#8221; c&#8217;est par ici : https:\/\/retourversleturfu.com\/<br \/>\n<center><iframe loading=\"lazy\" height=\"undefined\" width=\"100%\" frameborder=\"0\" src=\"https:\/\/widget.ausha.co\/index.html?podcastId=y0ldSNY441Jy&#038;width=100%25&#038;color=%2372238E&#038;mode=single&#038;display=horizontal&#038;v=1\"><\/iframe><\/p>\n","protected":false},"excerpt":{"rendered":"<p>Aujourd&#8217;hui Luc du podcast &#8220;Retour vers le Turfu&#8221; rapporte la VHS du film &#8220;Le Sous Sol de la peur&#8221; de Wes Craven. Avec Rone ils vont discuter de ce film qui avait marqu\u00e9 notre invit\u00e9 dans sa jeunesse et ils en profiteront pour faire un petit point sur la carri\u00e8re de Wes Craven. Pour d\u00e9couvrir [&hellip;]<\/p>\n","protected":false},"author":1,"featured_media":191,"comment_status":"open","ping_status":"open","sticky":false,"template":"","format":"standard","meta":{"cybocfi_hide_featured_image":"","footnotes":"","fifu_image_url":"","fifu_image_alt":"","_vp_format_video_url":"","_vp_image_focal_point":[]},"categories":[4],"tags":[],"views":1057,"_links":{"self":[{"href":"https:\/\/audioactif.fr\/vhs\/wp-json\/wp\/v2\/posts\/189"}],"collection":[{"href":"https:\/\/audioactif.fr\/vhs\/wp-json\/wp\/v2\/posts"}],"about":[{"href":"https:\/\/audioactif.fr\/vhs\/wp-json\/wp\/v2\/types\/post"}],"author":[{"embeddable":true,"href":"https:\/\/audioactif.fr\/vhs\/wp-json\/wp\/v2\/users\/1"}],"replies":[{"embeddable":true,"href":"https:\/\/audioactif.fr\/vhs\/wp-json\/wp\/v2\/comments?post=189"}],"version-history":[{"count":2,"href":"https:\/\/audioactif.fr\/vhs\/wp-json\/wp\/v2\/posts\/189\/revisions"}],"predecessor-version":[{"id":262,"href":"https:\/\/audioactif.fr\/vhs\/wp-json\/wp\/v2\/posts\/189\/revisions\/262"}],"wp:featuredmedia":[{"embeddable":true,"href":"https:\/\/audioactif.fr\/vhs\/wp-json\/wp\/v2\/media\/191"}],"wp:attachment":[{"href":"https:\/\/audioactif.fr\/vhs\/wp-json\/wp\/v2\/media?parent=189"}],"wp:term":[{"taxonomy":"category","embeddable":true,"href":"https:\/\/audioactif.fr\/vhs\/wp-json\/wp\/v2\/categories?post=189"},{"taxonomy":"post_tag","embeddable":true,"href":"https:\/\/audioactif.fr\/vhs\/wp-json\/wp\/v2\/tags?post=189"}],"curies":[{"name":"wp","href":"https:\/\/api.w.org\/{rel}","templated":true}]}}