{"id":1324,"date":"2020-04-18T11:29:28","date_gmt":"2020-04-18T09:29:28","guid":{"rendered":"https:\/\/audioactif.fr\/vhs\/2020\/04\/18\/cest-a-louer-pres-de-chez-vous-extreme-prejudice\/"},"modified":"2020-04-18T11:29:28","modified_gmt":"2020-04-18T09:29:28","slug":"cest-a-louer-pres-de-chez-vous-extreme-prejudice","status":"publish","type":"post","link":"https:\/\/audioactif.fr\/vhs\/2020\/04\/18\/cest-a-louer-pres-de-chez-vous-extreme-prejudice\/","title":{"rendered":"C&#8217;est \u00e0 louer pr\u00e8s de chez vous : EXTREME PREJUDICE"},"content":{"rendered":"<div style=\"text-align:center\"><img loading=\"lazy\" decoding=\"async\" width=\"1400\" height=\"1400\" src=\"https:\/\/audioactif.fr\/vhs\/wp-content\/uploads\/sites\/4\/2020\/07\/yRxvHGyyJLJJQaN9BcLFeYxFwbe7lOfPnWrDDzDb_1400x1400.jpeg\" class=\"attachment-post-thumbnail size-post-thumbnail wp-post-image\" alt=\"C&#8217;est \u00e0 louer pr\u00e8s de chez vous : EXTREME PREJUDICE\" title=\"C&#8217;est \u00e0 louer pr\u00e8s de chez vous : EXTREME PREJUDICE\" srcset=\"https:\/\/audioactif.fr\/vhs\/wp-content\/uploads\/sites\/4\/2020\/07\/yRxvHGyyJLJJQaN9BcLFeYxFwbe7lOfPnWrDDzDb_1400x1400.jpeg 1400w, https:\/\/audioactif.fr\/vhs\/wp-content\/uploads\/sites\/4\/2020\/07\/yRxvHGyyJLJJQaN9BcLFeYxFwbe7lOfPnWrDDzDb_1400x1400-300x300.jpeg 300w, https:\/\/audioactif.fr\/vhs\/wp-content\/uploads\/sites\/4\/2020\/07\/yRxvHGyyJLJJQaN9BcLFeYxFwbe7lOfPnWrDDzDb_1400x1400-1024x1024.jpeg 1024w, https:\/\/audioactif.fr\/vhs\/wp-content\/uploads\/sites\/4\/2020\/07\/yRxvHGyyJLJJQaN9BcLFeYxFwbe7lOfPnWrDDzDb_1400x1400-150x150.jpeg 150w, https:\/\/audioactif.fr\/vhs\/wp-content\/uploads\/sites\/4\/2020\/07\/yRxvHGyyJLJJQaN9BcLFeYxFwbe7lOfPnWrDDzDb_1400x1400-768x768.jpeg 768w, https:\/\/audioactif.fr\/vhs\/wp-content\/uploads\/sites\/4\/2020\/07\/yRxvHGyyJLJJQaN9BcLFeYxFwbe7lOfPnWrDDzDb_1400x1400-250x250.jpeg 250w, https:\/\/audioactif.fr\/vhs\/wp-content\/uploads\/sites\/4\/2020\/07\/yRxvHGyyJLJJQaN9BcLFeYxFwbe7lOfPnWrDDzDb_1400x1400-125x125.jpeg 125w, https:\/\/audioactif.fr\/vhs\/wp-content\/uploads\/sites\/4\/2020\/07\/yRxvHGyyJLJJQaN9BcLFeYxFwbe7lOfPnWrDDzDb_1400x1400-110x110.jpeg 110w, https:\/\/audioactif.fr\/vhs\/wp-content\/uploads\/sites\/4\/2020\/07\/yRxvHGyyJLJJQaN9BcLFeYxFwbe7lOfPnWrDDzDb_1400x1400-420x420.jpeg 420w, https:\/\/audioactif.fr\/vhs\/wp-content\/uploads\/sites\/4\/2020\/07\/yRxvHGyyJLJJQaN9BcLFeYxFwbe7lOfPnWrDDzDb_1400x1400-430x430.jpeg 430w\" sizes=\"(max-width: 1400px) 100vw, 1400px\" \/><\/div><p><iframe loading=\"lazy\" frameborder=\"0\" height=\"200px\" scrolling=\"no\" width=\"100%\" src=\"https:\/\/widget.ausha.co\/index.html?podcastId=yEX3tYrnv2go&amp;display=horizontal&amp;v=2\"><\/iframe><\/p>\n<p>Alors qu&#8217;il se s&#8217;\u00e9chappe de sa Corse natale pour louer une bonne vieille VHS dans notre vid\u00e9o-club, Dominique dit &#8220;le patron&#8221; chez Nanarland n&#8217;h\u00e9site pas une seconde et se fait plaisir en regardant Extr\u00eame Pr\u00e9judice de Walter Hill qui date de 1987 et que nous avions d\u00e9j\u00e0 \u00e9voqu\u00e9 dans notre podcast sur la Carolco.<\/p>\n<p>Avec son casting bien bad ass port\u00e9 par un Nick Nolte monolithique et son ambiance tendue ce film d&#8217;action qui lorgne du c\u00f4t\u00e9 de chez Peckinpah est un petit classique qui sent autant la poussi\u00e8re, que la t\u00e9stost\u00e9rone !\u00a0<\/p>\n<p>Armez les fusils et pr\u00e9parez les binouzes les bourrinos car \u00e7a va chauffer.<\/p>\n<p>Team VHS<\/p>\n","protected":false},"excerpt":{"rendered":"<p>Alors qu&#8217;il se s&#8217;\u00e9chappe de sa Corse natale pour louer une bonne vieille VHS dans notre vid\u00e9o-club, Dominique dit &#8220;le patron&#8221; chez Nanarland n&#8217;h\u00e9site pas une seconde et se fait plaisir en regardant Extr\u00eame Pr\u00e9judice de Walter Hill qui date de 1987 et q&#8230;<\/p>\n","protected":false},"author":934,"featured_media":613,"comment_status":"open","ping_status":"open","sticky":false,"template":"","format":"standard","meta":{"cybocfi_hide_featured_image":"","footnotes":"","fifu_image_url":"","fifu_image_alt":"","_vp_format_video_url":"","_vp_image_focal_point":[]},"categories":[9],"tags":[],"views":325,"_links":{"self":[{"href":"https:\/\/audioactif.fr\/vhs\/wp-json\/wp\/v2\/posts\/1324"}],"collection":[{"href":"https:\/\/audioactif.fr\/vhs\/wp-json\/wp\/v2\/posts"}],"about":[{"href":"https:\/\/audioactif.fr\/vhs\/wp-json\/wp\/v2\/types\/post"}],"author":[{"embeddable":true,"href":"https:\/\/audioactif.fr\/vhs\/wp-json\/wp\/v2\/users\/934"}],"replies":[{"embeddable":true,"href":"https:\/\/audioactif.fr\/vhs\/wp-json\/wp\/v2\/comments?post=1324"}],"version-history":[{"count":0,"href":"https:\/\/audioactif.fr\/vhs\/wp-json\/wp\/v2\/posts\/1324\/revisions"}],"wp:featuredmedia":[{"embeddable":true,"href":"https:\/\/audioactif.fr\/vhs\/wp-json\/wp\/v2\/media\/613"}],"wp:attachment":[{"href":"https:\/\/audioactif.fr\/vhs\/wp-json\/wp\/v2\/media?parent=1324"}],"wp:term":[{"taxonomy":"category","embeddable":true,"href":"https:\/\/audioactif.fr\/vhs\/wp-json\/wp\/v2\/categories?post=1324"},{"taxonomy":"post_tag","embeddable":true,"href":"https:\/\/audioactif.fr\/vhs\/wp-json\/wp\/v2\/tags?post=1324"}],"curies":[{"name":"wp","href":"https:\/\/api.w.org\/{rel}","templated":true}]}}