{"id":1306,"date":"2021-02-18T13:31:37","date_gmt":"2021-02-18T12:31:37","guid":{"rendered":"https:\/\/audioactif.fr\/vhs\/2021\/02\/18\/cest-a-louer-pres-de-chez-vous-backdraft\/"},"modified":"2021-02-18T13:31:37","modified_gmt":"2021-02-18T12:31:37","slug":"cest-a-louer-pres-de-chez-vous-backdraft","status":"publish","type":"post","link":"https:\/\/audioactif.fr\/vhs\/2021\/02\/18\/cest-a-louer-pres-de-chez-vous-backdraft\/","title":{"rendered":"C&#8217;est \u00e0 louer pr\u00e8s de chez vous : BACKDRAFT"},"content":{"rendered":"<div style=\"text-align:center\"><img loading=\"lazy\" decoding=\"async\" width=\"1200\" height=\"1200\" src=\"https:\/\/audioactif.fr\/vhs\/wp-content\/uploads\/sites\/4\/2021\/02\/mmCgntQ1iiFLJn0VMu5vcSO5TFRW1aXnz3hdit74_1400x1400-1.jpeg\" class=\"attachment-post-thumbnail size-post-thumbnail wp-post-image\" alt=\"C&#8217;est \u00e0 louer pr\u00e8s de chez vous : BACKDRAFT\" title=\"C&#8217;est \u00e0 louer pr\u00e8s de chez vous : BACKDRAFT\" srcset=\"https:\/\/audioactif.fr\/vhs\/wp-content\/uploads\/sites\/4\/2021\/02\/mmCgntQ1iiFLJn0VMu5vcSO5TFRW1aXnz3hdit74_1400x1400-1.jpeg 1200w, https:\/\/audioactif.fr\/vhs\/wp-content\/uploads\/sites\/4\/2021\/02\/mmCgntQ1iiFLJn0VMu5vcSO5TFRW1aXnz3hdit74_1400x1400-1-300x300.jpeg 300w, https:\/\/audioactif.fr\/vhs\/wp-content\/uploads\/sites\/4\/2021\/02\/mmCgntQ1iiFLJn0VMu5vcSO5TFRW1aXnz3hdit74_1400x1400-1-1024x1024.jpeg 1024w, https:\/\/audioactif.fr\/vhs\/wp-content\/uploads\/sites\/4\/2021\/02\/mmCgntQ1iiFLJn0VMu5vcSO5TFRW1aXnz3hdit74_1400x1400-1-150x150.jpeg 150w, https:\/\/audioactif.fr\/vhs\/wp-content\/uploads\/sites\/4\/2021\/02\/mmCgntQ1iiFLJn0VMu5vcSO5TFRW1aXnz3hdit74_1400x1400-1-768x768.jpeg 768w, https:\/\/audioactif.fr\/vhs\/wp-content\/uploads\/sites\/4\/2021\/02\/mmCgntQ1iiFLJn0VMu5vcSO5TFRW1aXnz3hdit74_1400x1400-1-250x250.jpeg 250w, https:\/\/audioactif.fr\/vhs\/wp-content\/uploads\/sites\/4\/2021\/02\/mmCgntQ1iiFLJn0VMu5vcSO5TFRW1aXnz3hdit74_1400x1400-1-125x125.jpeg 125w, https:\/\/audioactif.fr\/vhs\/wp-content\/uploads\/sites\/4\/2021\/02\/mmCgntQ1iiFLJn0VMu5vcSO5TFRW1aXnz3hdit74_1400x1400-1-110x110.jpeg 110w, https:\/\/audioactif.fr\/vhs\/wp-content\/uploads\/sites\/4\/2021\/02\/mmCgntQ1iiFLJn0VMu5vcSO5TFRW1aXnz3hdit74_1400x1400-1-420x420.jpeg 420w, https:\/\/audioactif.fr\/vhs\/wp-content\/uploads\/sites\/4\/2021\/02\/mmCgntQ1iiFLJn0VMu5vcSO5TFRW1aXnz3hdit74_1400x1400-1-430x430.jpeg 430w\" sizes=\"(max-width: 1200px) 100vw, 1200px\" \/><\/div><p><iframe loading=\"lazy\" frameborder=\"0\" height=\"200px\" scrolling=\"no\" width=\"100%\" src=\"https:\/\/widget.ausha.co\/index.html?podcastId=dBD2mszOR7Vy&amp;display=horizontal&amp;v=2\"><\/iframe><\/p>\n<p>Aujourd&#8217;hui dans ce nouvel \u00e9pisode, Nico et Creepers retournent en 1991 gr\u00e2ce au film Backdraft de Ron Howard qui nous plonge dans les flammes en compagnie de Kurt Russel et William Baldwin.<\/p>\n<p>Bonne \u00e9coute et \u00e0 bient\u00f4t les bourrinos.<\/p>\n<p>Team VHS<\/p>\n<p><\/p>\n","protected":false},"excerpt":{"rendered":"<p>Aujourd&#8217;hui dans ce nouvel \u00e9pisode, Nico et Creepers retournent en 1991 gr\u00e2ce au film Backdraft de Ron Howard qui nous plonge dans les flammes en compagnie de Kurt Russel et William Baldwin.<br \/>\nBonne \u00e9coute et \u00e0 bient\u00f4t les bourrinos.<br \/>\nTeam VHS<\/p>\n","protected":false},"author":934,"featured_media":1088,"comment_status":"open","ping_status":"open","sticky":false,"template":"","format":"standard","meta":{"cybocfi_hide_featured_image":"","footnotes":"","fifu_image_url":"","fifu_image_alt":"","_vp_format_video_url":"","_vp_image_focal_point":[]},"categories":[9],"tags":[],"views":350,"_links":{"self":[{"href":"https:\/\/audioactif.fr\/vhs\/wp-json\/wp\/v2\/posts\/1306"}],"collection":[{"href":"https:\/\/audioactif.fr\/vhs\/wp-json\/wp\/v2\/posts"}],"about":[{"href":"https:\/\/audioactif.fr\/vhs\/wp-json\/wp\/v2\/types\/post"}],"author":[{"embeddable":true,"href":"https:\/\/audioactif.fr\/vhs\/wp-json\/wp\/v2\/users\/934"}],"replies":[{"embeddable":true,"href":"https:\/\/audioactif.fr\/vhs\/wp-json\/wp\/v2\/comments?post=1306"}],"version-history":[{"count":0,"href":"https:\/\/audioactif.fr\/vhs\/wp-json\/wp\/v2\/posts\/1306\/revisions"}],"wp:featuredmedia":[{"embeddable":true,"href":"https:\/\/audioactif.fr\/vhs\/wp-json\/wp\/v2\/media\/1088"}],"wp:attachment":[{"href":"https:\/\/audioactif.fr\/vhs\/wp-json\/wp\/v2\/media?parent=1306"}],"wp:term":[{"taxonomy":"category","embeddable":true,"href":"https:\/\/audioactif.fr\/vhs\/wp-json\/wp\/v2\/categories?post=1306"},{"taxonomy":"post_tag","embeddable":true,"href":"https:\/\/audioactif.fr\/vhs\/wp-json\/wp\/v2\/tags?post=1306"}],"curies":[{"name":"wp","href":"https:\/\/api.w.org\/{rel}","templated":true}]}}