{"id":1305,"date":"2021-02-24T19:51:21","date_gmt":"2021-02-24T18:51:21","guid":{"rendered":"https:\/\/audioactif.fr\/vhs\/2021\/02\/24\/emotions-canape-salvador-et-les-larmes-du-soleil\/"},"modified":"2021-02-24T19:51:21","modified_gmt":"2021-02-24T18:51:21","slug":"emotions-canape-salvador-et-les-larmes-du-soleil","status":"publish","type":"post","link":"https:\/\/audioactif.fr\/vhs\/2021\/02\/24\/emotions-canape-salvador-et-les-larmes-du-soleil\/","title":{"rendered":"Emotions &amp; Canap\u00e9 : Salvador et Les Larmes du Soleil"},"content":{"rendered":"<div style=\"text-align:center\"><img loading=\"lazy\" decoding=\"async\" width=\"1200\" height=\"1200\" src=\"https:\/\/audioactif.fr\/vhs\/wp-content\/uploads\/sites\/4\/2021\/02\/k0ZG21RhSC0LVId6PRb15asXJz7bvKVOaQ4kyuyQ_1400x1400-1.jpeg\" class=\"attachment-post-thumbnail size-post-thumbnail wp-post-image\" alt=\"Emotions &amp; Canap\u00e9 : Salvador et Les Larmes du Soleil\" title=\"Emotions &amp; Canap\u00e9 : Salvador et Les Larmes du Soleil\" srcset=\"https:\/\/audioactif.fr\/vhs\/wp-content\/uploads\/sites\/4\/2021\/02\/k0ZG21RhSC0LVId6PRb15asXJz7bvKVOaQ4kyuyQ_1400x1400-1.jpeg 1200w, https:\/\/audioactif.fr\/vhs\/wp-content\/uploads\/sites\/4\/2021\/02\/k0ZG21RhSC0LVId6PRb15asXJz7bvKVOaQ4kyuyQ_1400x1400-1-300x300.jpeg 300w, https:\/\/audioactif.fr\/vhs\/wp-content\/uploads\/sites\/4\/2021\/02\/k0ZG21RhSC0LVId6PRb15asXJz7bvKVOaQ4kyuyQ_1400x1400-1-1024x1024.jpeg 1024w, https:\/\/audioactif.fr\/vhs\/wp-content\/uploads\/sites\/4\/2021\/02\/k0ZG21RhSC0LVId6PRb15asXJz7bvKVOaQ4kyuyQ_1400x1400-1-150x150.jpeg 150w, https:\/\/audioactif.fr\/vhs\/wp-content\/uploads\/sites\/4\/2021\/02\/k0ZG21RhSC0LVId6PRb15asXJz7bvKVOaQ4kyuyQ_1400x1400-1-768x768.jpeg 768w, https:\/\/audioactif.fr\/vhs\/wp-content\/uploads\/sites\/4\/2021\/02\/k0ZG21RhSC0LVId6PRb15asXJz7bvKVOaQ4kyuyQ_1400x1400-1-250x250.jpeg 250w, https:\/\/audioactif.fr\/vhs\/wp-content\/uploads\/sites\/4\/2021\/02\/k0ZG21RhSC0LVId6PRb15asXJz7bvKVOaQ4kyuyQ_1400x1400-1-125x125.jpeg 125w, https:\/\/audioactif.fr\/vhs\/wp-content\/uploads\/sites\/4\/2021\/02\/k0ZG21RhSC0LVId6PRb15asXJz7bvKVOaQ4kyuyQ_1400x1400-1-110x110.jpeg 110w, https:\/\/audioactif.fr\/vhs\/wp-content\/uploads\/sites\/4\/2021\/02\/k0ZG21RhSC0LVId6PRb15asXJz7bvKVOaQ4kyuyQ_1400x1400-1-420x420.jpeg 420w, https:\/\/audioactif.fr\/vhs\/wp-content\/uploads\/sites\/4\/2021\/02\/k0ZG21RhSC0LVId6PRb15asXJz7bvKVOaQ4kyuyQ_1400x1400-1-430x430.jpeg 430w\" sizes=\"(max-width: 1200px) 100vw, 1200px\" \/><\/div><p><iframe loading=\"lazy\" frameborder=\"0\" height=\"200px\" scrolling=\"no\" width=\"100%\" src=\"https:\/\/widget.ausha.co\/index.html?podcastId=BMNZfEa2ZDao&amp;display=horizontal&amp;v=2\"><\/iframe><\/p>\n<p>Aujourd&#8217;hui Rone re\u00e7oit notre ami <a href=\"https:\/\/twitter.com\/GizmoTheGeek?s=20\">Gizmo<\/a> du podcast <a href=\"https:\/\/twitter.com\/Decennies?s=20\">Decenie&#8217;s<\/a> pour un \u00e9pisode assez fort qui traite de sc\u00e8nes bien sp\u00e9cifiques des films &#8220;Salvador&#8221; de Oliver Stone et de &#8220;Les Larmes du Soleil&#8221; de Antoine Fuqua.\u00a0<\/p>\n<p>Bonne \u00e9coute et portez vous bien.<\/p>\n<p>Team VHS<\/p>\n","protected":false},"excerpt":{"rendered":"<p>Aujourd&#8217;hui Rone re\u00e7oit notre ami Gizmo (https:\/\/twitter.com\/GizmoTheGeek?s=20) du podcast Decenie&#8217;s (https:\/\/twitter.com\/Decennies?s=20) pour un \u00e9pisode assez fort qui traite de sc\u00e8nes bien sp\u00e9cifiques des films &#8220;Salvador&#8221; de Oliver Stone et de &#8220;Les L&#8230;<\/p>\n","protected":false},"author":934,"featured_media":1087,"comment_status":"open","ping_status":"open","sticky":false,"template":"","format":"standard","meta":{"cybocfi_hide_featured_image":"","footnotes":"","fifu_image_url":"","fifu_image_alt":"","_vp_format_video_url":"","_vp_image_focal_point":[]},"categories":[9],"tags":[],"views":351,"_links":{"self":[{"href":"https:\/\/audioactif.fr\/vhs\/wp-json\/wp\/v2\/posts\/1305"}],"collection":[{"href":"https:\/\/audioactif.fr\/vhs\/wp-json\/wp\/v2\/posts"}],"about":[{"href":"https:\/\/audioactif.fr\/vhs\/wp-json\/wp\/v2\/types\/post"}],"author":[{"embeddable":true,"href":"https:\/\/audioactif.fr\/vhs\/wp-json\/wp\/v2\/users\/934"}],"replies":[{"embeddable":true,"href":"https:\/\/audioactif.fr\/vhs\/wp-json\/wp\/v2\/comments?post=1305"}],"version-history":[{"count":0,"href":"https:\/\/audioactif.fr\/vhs\/wp-json\/wp\/v2\/posts\/1305\/revisions"}],"wp:featuredmedia":[{"embeddable":true,"href":"https:\/\/audioactif.fr\/vhs\/wp-json\/wp\/v2\/media\/1087"}],"wp:attachment":[{"href":"https:\/\/audioactif.fr\/vhs\/wp-json\/wp\/v2\/media?parent=1305"}],"wp:term":[{"taxonomy":"category","embeddable":true,"href":"https:\/\/audioactif.fr\/vhs\/wp-json\/wp\/v2\/categories?post=1305"},{"taxonomy":"post_tag","embeddable":true,"href":"https:\/\/audioactif.fr\/vhs\/wp-json\/wp\/v2\/tags?post=1305"}],"curies":[{"name":"wp","href":"https:\/\/api.w.org\/{rel}","templated":true}]}}