{"id":1301,"date":"2021-04-13T16:03:07","date_gmt":"2021-04-13T14:03:07","guid":{"rendered":"https:\/\/audioactif.fr\/vhs\/2021\/04\/13\/cest-a-louer-pres-de-chez-vous-cours-apres-moi-sherif\/"},"modified":"2021-04-13T16:03:07","modified_gmt":"2021-04-13T14:03:07","slug":"cest-a-louer-pres-de-chez-vous-cours-apres-moi-sherif","status":"publish","type":"post","link":"https:\/\/audioactif.fr\/vhs\/2021\/04\/13\/cest-a-louer-pres-de-chez-vous-cours-apres-moi-sherif\/","title":{"rendered":"C\u2019est \u00e0 louer pr\u00e8s de chez vous : Cours apr\u00e8s moi Sh\u00e9rif"},"content":{"rendered":"<div style=\"text-align:center\"><img loading=\"lazy\" decoding=\"async\" width=\"1200\" height=\"1200\" src=\"https:\/\/audioactif.fr\/vhs\/wp-content\/uploads\/sites\/4\/2021\/04\/9wqyCTEJ7Bt7SdhLR6VluiYSa3srzsJCyD2muzyB_1400x1400.jpeg\" class=\"attachment-post-thumbnail size-post-thumbnail wp-post-image\" alt=\"C\u2019est \u00e0 louer pr\u00e8s de chez vous : Cours apr\u00e8s moi Sh\u00e9rif\" title=\"C\u2019est \u00e0 louer pr\u00e8s de chez vous : Cours apr\u00e8s moi Sh\u00e9rif\" srcset=\"https:\/\/audioactif.fr\/vhs\/wp-content\/uploads\/sites\/4\/2021\/04\/9wqyCTEJ7Bt7SdhLR6VluiYSa3srzsJCyD2muzyB_1400x1400.jpeg 1200w, https:\/\/audioactif.fr\/vhs\/wp-content\/uploads\/sites\/4\/2021\/04\/9wqyCTEJ7Bt7SdhLR6VluiYSa3srzsJCyD2muzyB_1400x1400-300x300.jpeg 300w, https:\/\/audioactif.fr\/vhs\/wp-content\/uploads\/sites\/4\/2021\/04\/9wqyCTEJ7Bt7SdhLR6VluiYSa3srzsJCyD2muzyB_1400x1400-1024x1024.jpeg 1024w, https:\/\/audioactif.fr\/vhs\/wp-content\/uploads\/sites\/4\/2021\/04\/9wqyCTEJ7Bt7SdhLR6VluiYSa3srzsJCyD2muzyB_1400x1400-150x150.jpeg 150w, https:\/\/audioactif.fr\/vhs\/wp-content\/uploads\/sites\/4\/2021\/04\/9wqyCTEJ7Bt7SdhLR6VluiYSa3srzsJCyD2muzyB_1400x1400-768x768.jpeg 768w, https:\/\/audioactif.fr\/vhs\/wp-content\/uploads\/sites\/4\/2021\/04\/9wqyCTEJ7Bt7SdhLR6VluiYSa3srzsJCyD2muzyB_1400x1400-250x250.jpeg 250w, https:\/\/audioactif.fr\/vhs\/wp-content\/uploads\/sites\/4\/2021\/04\/9wqyCTEJ7Bt7SdhLR6VluiYSa3srzsJCyD2muzyB_1400x1400-125x125.jpeg 125w, https:\/\/audioactif.fr\/vhs\/wp-content\/uploads\/sites\/4\/2021\/04\/9wqyCTEJ7Bt7SdhLR6VluiYSa3srzsJCyD2muzyB_1400x1400-110x110.jpeg 110w, https:\/\/audioactif.fr\/vhs\/wp-content\/uploads\/sites\/4\/2021\/04\/9wqyCTEJ7Bt7SdhLR6VluiYSa3srzsJCyD2muzyB_1400x1400-420x420.jpeg 420w, https:\/\/audioactif.fr\/vhs\/wp-content\/uploads\/sites\/4\/2021\/04\/9wqyCTEJ7Bt7SdhLR6VluiYSa3srzsJCyD2muzyB_1400x1400-430x430.jpeg 430w\" sizes=\"(max-width: 1200px) 100vw, 1200px\" \/><\/div><p><iframe loading=\"lazy\" frameborder=\"0\" height=\"200px\" scrolling=\"no\" width=\"100%\" src=\"https:\/\/widget.ausha.co\/index.html?podcastId=yX3QiNnGpP8o&amp;display=horizontal&amp;v=2\"><\/iframe><\/p>\n<p>Aujourd&#8217;hui dans le vid\u00e9o-club Patrice du podcast <a href=\"https:\/\/podcast.ausha.co\/binouze-usa\">Binouze USA<\/a> revient parler cinoche avec nous en rapportant la VHS de &#8220;Cours apr\u00e8s moi Sh\u00e9rif&#8221;. Dans ce film de 1977 r\u00e9alis\u00e9 par Hal Needham Burt Reynolds enchaine les courses poursuites sur les routes americaines pour le plus grand plaisir de notre amateur de bi\u00e8res !<\/p>\n<p>Bonne \u00e9coute les ami.e.s et \u00e0 bient\u00f4t pour de nouvelles aventures !<\/p>\n<p>Team VHS<\/p>\n","protected":false},"excerpt":{"rendered":"<p>Aujourd&#8217;hui dans le vid\u00e9o-club Patrice du podcast Binouze USA (https:\/\/podcast.ausha.co\/binouze-usa) revient parler cinoche avec nous en rapportant la VHS de &#8220;Cours apr\u00e8s moi Sh\u00e9rif&#8221;. Dans ce film de 1977 r\u00e9alis\u00e9 par Hal Needham Burt Reynolds enchaine&#8230;<\/p>\n","protected":false},"author":934,"featured_media":1083,"comment_status":"open","ping_status":"open","sticky":false,"template":"","format":"standard","meta":{"cybocfi_hide_featured_image":"","footnotes":"","fifu_image_url":"","fifu_image_alt":"","_vp_format_video_url":"","_vp_image_focal_point":[]},"categories":[9],"tags":[],"views":344,"_links":{"self":[{"href":"https:\/\/audioactif.fr\/vhs\/wp-json\/wp\/v2\/posts\/1301"}],"collection":[{"href":"https:\/\/audioactif.fr\/vhs\/wp-json\/wp\/v2\/posts"}],"about":[{"href":"https:\/\/audioactif.fr\/vhs\/wp-json\/wp\/v2\/types\/post"}],"author":[{"embeddable":true,"href":"https:\/\/audioactif.fr\/vhs\/wp-json\/wp\/v2\/users\/934"}],"replies":[{"embeddable":true,"href":"https:\/\/audioactif.fr\/vhs\/wp-json\/wp\/v2\/comments?post=1301"}],"version-history":[{"count":0,"href":"https:\/\/audioactif.fr\/vhs\/wp-json\/wp\/v2\/posts\/1301\/revisions"}],"wp:featuredmedia":[{"embeddable":true,"href":"https:\/\/audioactif.fr\/vhs\/wp-json\/wp\/v2\/media\/1083"}],"wp:attachment":[{"href":"https:\/\/audioactif.fr\/vhs\/wp-json\/wp\/v2\/media?parent=1301"}],"wp:term":[{"taxonomy":"category","embeddable":true,"href":"https:\/\/audioactif.fr\/vhs\/wp-json\/wp\/v2\/categories?post=1301"},{"taxonomy":"post_tag","embeddable":true,"href":"https:\/\/audioactif.fr\/vhs\/wp-json\/wp\/v2\/tags?post=1301"}],"curies":[{"name":"wp","href":"https:\/\/api.w.org\/{rel}","templated":true}]}}