{"id":546,"date":"2025-04-21T05:00:00","date_gmt":"2025-04-21T03:00:00","guid":{"rendered":"http:\/\/audioactif.fr\/mdam\/2025\/04\/21\/a-la-decouverte-de-treaks\/"},"modified":"2025-04-21T05:00:00","modified_gmt":"2025-04-21T03:00:00","slug":"a-la-decouverte-de-treaks","status":"publish","type":"post","link":"https:\/\/audioactif.fr\/mdam\/2025\/04\/21\/a-la-decouverte-de-treaks\/","title":{"rendered":"A la d\u00e9couverte de &#8230; Treaks"},"content":{"rendered":"<p>Salut \u00e0 toutes et \u00e0 tous, <\/p>\n<\/p>\n<p>J&#8217;ai eu le plaisir de croiser le trio <b>Treaks<\/b> \u00e0 l&#8217;occasion de leur passage au festival du <b>Palmip\u00e8de<\/b> qui se d\u00e9roulait \u00e0 l&#8217;espace Paul B. <\/p>\n<p>L&#8217;occasion de se poser, de discuter des points forts du groupe; \u00e0 savoir le gros impact port\u00e9 par chaque instrument, la forte identit\u00e9 punk qui se d\u00e9gage du groupe et des th\u00e8mes abord\u00e9s dans leurs compos.<\/p>\n<\/p>\n<p>Intro : <em>Sleep apart<\/em> (extrait de l&#8217;album <b><em>Ego<\/em><\/b> &#8211; 2025)<\/p>\n<\/p>\n<p>Outro : <em>Queen<\/em> (extrait de l&#8217;album <b><em>Ego<\/em><\/b> &#8211; 2025)<\/p>\n<\/p>\n<p>Retrouvez les prochaines dates de Treaks  en les suivant sur <a href=\"https:\/\/www.instagram.com\/treaksmusic\/\">Instagram <\/a>et sur <a href=\"https:\/\/www.facebook.com\/treaksmusic\/\">Facebook<\/a><\/p>\n<p>A noter les 2 releases party ; \u00e0 <a href=\"https:\/\/stereolux.org\/agenda\/treaks\">Nantes<\/a>  et \u00e0 <a href=\"https:\/\/dice.fm\/event\/6dmyvb-treaks-grife-14th-may-la-mcanique-ondulatoire-paris-tickets\">Paris<\/a><\/p>\n<\/p>\n<p>H\u00e9berg\u00e9 par Ausha. Visitez <a href=\"https:\/\/ausha.co\/politique-de-confidentialite\">ausha.co\/politique-de-confidentialite<\/a> pour plus d&#8217;informations.<\/p>\n","protected":false},"excerpt":{"rendered":"<p>Salut \u00e0 toutes et \u00e0 tous, <\/p>\n<p>J&#8217;ai eu le plaisir de croiser le trio Treaks \u00e0 l&#8217;occasion de leur passage au festival du Palmip\u00e8de qui se d\u00e9roulait \u00e0 l&#8217;espace Paul B.<br \/>\nL&#8217;occasion de se poser, de discuter des points forts du groupe; \u00e0 savoir le gros impac&#8230;<\/p>\n","protected":false},"author":930,"featured_media":547,"comment_status":"open","ping_status":"open","sticky":false,"template":"","format":"standard","meta":{"cybocfi_hide_featured_image":"","footnotes":"","fifu_image_url":"","fifu_image_alt":"","_vp_format_video_url":"","_vp_image_focal_point":[]},"categories":[4],"tags":[],"views":877,"_links":{"self":[{"href":"https:\/\/audioactif.fr\/mdam\/wp-json\/wp\/v2\/posts\/546"}],"collection":[{"href":"https:\/\/audioactif.fr\/mdam\/wp-json\/wp\/v2\/posts"}],"about":[{"href":"https:\/\/audioactif.fr\/mdam\/wp-json\/wp\/v2\/types\/post"}],"author":[{"embeddable":true,"href":"https:\/\/audioactif.fr\/mdam\/wp-json\/wp\/v2\/users\/930"}],"replies":[{"embeddable":true,"href":"https:\/\/audioactif.fr\/mdam\/wp-json\/wp\/v2\/comments?post=546"}],"version-history":[{"count":0,"href":"https:\/\/audioactif.fr\/mdam\/wp-json\/wp\/v2\/posts\/546\/revisions"}],"wp:featuredmedia":[{"embeddable":true,"href":"https:\/\/audioactif.fr\/mdam\/wp-json\/wp\/v2\/media\/547"}],"wp:attachment":[{"href":"https:\/\/audioactif.fr\/mdam\/wp-json\/wp\/v2\/media?parent=546"}],"wp:term":[{"taxonomy":"category","embeddable":true,"href":"https:\/\/audioactif.fr\/mdam\/wp-json\/wp\/v2\/categories?post=546"},{"taxonomy":"post_tag","embeddable":true,"href":"https:\/\/audioactif.fr\/mdam\/wp-json\/wp\/v2\/tags?post=546"}],"curies":[{"name":"wp","href":"https:\/\/api.w.org\/{rel}","templated":true}]}}