{"id":420,"date":"2021-11-08T07:00:00","date_gmt":"2021-11-08T06:00:00","guid":{"rendered":"http:\/\/audioactif.fr\/mdam\/2021\/11\/08\/50-years-ago-led-zeppelin-iv-sorti-le-8-novembre-1971-avec-spades\/"},"modified":"2021-11-08T07:00:00","modified_gmt":"2021-11-08T06:00:00","slug":"50-years-ago-led-zeppelin-iv-sorti-le-8-novembre-1971-avec-spades","status":"publish","type":"post","link":"https:\/\/audioactif.fr\/mdam\/2021\/11\/08\/50-years-ago-led-zeppelin-iv-sorti-le-8-novembre-1971-avec-spades\/","title":{"rendered":"50 Years Ago &#8211; Led Zeppelin IV sorti le 8 novembre 1971 avec Spades"},"content":{"rendered":"<p><iframe loading=\"lazy\" frameborder=\"0\" height=\"200px\" scrolling=\"no\" width=\"100%\" src=\"https:\/\/widget.ausha.co\/index.html?podcastId=blv2TdELdN4o&amp;display=horizontal&amp;v=2\"><\/iframe><\/p>\n<p>Salut \u00e0 toutes et \u00e0 tous,<\/p>\n<p><\/p>\n<p>On se retrouve pour parler d&#8217;un album l\u00e9gendaire, un album sans nom ni titre sur la pochette mais que beaucoup nomment IV produit par Led Zeppelin.<\/p>\n<p>C&#8217;est Spades qui m&#8217;accompagne pour \u00e9changer autour de la conception, l&#8217;enregisttement et les nombreuses anecdotes qui constellent l&#8217;histoire autour de ce disque&#8230;<\/p>\n<p><\/p>\n<p>Inutile de passer cet \u00e9pisode \u00e0 l&#8217;envers&#8230; il n&#8217;y a pas de message cach\u00e9!<\/p>\n<p><\/p>\n<p>Le Tribute dont parle Spades est visible ici :<a href=\"https:\/\/www.youtube.com\/watch?v=j0s9FElQoaU\"> https:\/\/www.youtube.com\/watch?v=j0s9FElQoaU<\/a>\u00a0<\/p>\n<p><\/p>\n<p>Vous pouvez retrouvez Spades dans les podcasts Comicsph\u00e8re et Decennies et sur Twitter&#8230;<\/p>\n<p><\/p>\n<p><\/p>\n<p>si vous souhaitez venir parler d&#8217;un album qui vous a marqu\u00e9, n&#8217;h\u00e9sitez pas \u00e0 me contacter par DM via Twitter :\u00a0&lt;a href=&quot;http:\/\/twitter.com\/MDAM_pod&quot; title=&quot;<span data-offset-key=\"d41i8-1-0\" style=\"border-width: 0px;border-style: solid;margin: 0px;padding: 0px;font-family: ProximaNova, sans-serif;letter-spacing: 0.1px;line-height: normal\"><span data-text=\"true\" style=\"border-width: 0px;border-style: solid;margin: 0px;padding: 0px;font-family: ProximaNova, sans-serif;letter-spacing: 0.1px;line-height: normal\">twitter.com\/MDAM_pod<\/span><\/span>&#8220;&gt;twitter.com\/MDAM_pod<\/a><\/p>\n<p><\/p>\n<p>ou par mail : mdam.lepodcast@gmail.com<\/p>\n<p><\/p>\n<p>Bonne \u00e9coute<\/p>\n","protected":false},"excerpt":{"rendered":"<p>Salut \u00e0 toutes et \u00e0 tous,<\/p>\n<p>On se retrouve pour parler d&#8217;un album l\u00e9gendaire, un album sans nom ni titre sur la pochette mais que beaucoup nomment IV produit par Led Zeppelin.<br \/>\nC&#8217;est Spades qui m&#8217;accompagne pour \u00e9changer autour de la conception, l&#8217;enregi&#8230;<\/p>\n","protected":false},"author":930,"featured_media":423,"comment_status":"open","ping_status":"open","sticky":false,"template":"","format":"standard","meta":{"cybocfi_hide_featured_image":"","footnotes":"","fifu_image_url":"","fifu_image_alt":"","_vp_format_video_url":"","_vp_image_focal_point":[]},"categories":[4],"tags":[],"views":738,"_links":{"self":[{"href":"https:\/\/audioactif.fr\/mdam\/wp-json\/wp\/v2\/posts\/420"}],"collection":[{"href":"https:\/\/audioactif.fr\/mdam\/wp-json\/wp\/v2\/posts"}],"about":[{"href":"https:\/\/audioactif.fr\/mdam\/wp-json\/wp\/v2\/types\/post"}],"author":[{"embeddable":true,"href":"https:\/\/audioactif.fr\/mdam\/wp-json\/wp\/v2\/users\/930"}],"replies":[{"embeddable":true,"href":"https:\/\/audioactif.fr\/mdam\/wp-json\/wp\/v2\/comments?post=420"}],"version-history":[{"count":0,"href":"https:\/\/audioactif.fr\/mdam\/wp-json\/wp\/v2\/posts\/420\/revisions"}],"wp:featuredmedia":[{"embeddable":true,"href":"https:\/\/audioactif.fr\/mdam\/wp-json\/wp\/v2\/media\/423"}],"wp:attachment":[{"href":"https:\/\/audioactif.fr\/mdam\/wp-json\/wp\/v2\/media?parent=420"}],"wp:term":[{"taxonomy":"category","embeddable":true,"href":"https:\/\/audioactif.fr\/mdam\/wp-json\/wp\/v2\/categories?post=420"},{"taxonomy":"post_tag","embeddable":true,"href":"https:\/\/audioactif.fr\/mdam\/wp-json\/wp\/v2\/tags?post=420"}],"curies":[{"name":"wp","href":"https:\/\/api.w.org\/{rel}","templated":true}]}}