{"id":391,"date":"2022-05-09T10:15:16","date_gmt":"2022-05-09T08:15:16","guid":{"rendered":"http:\/\/audioactif.fr\/mdam\/?p=391"},"modified":"2022-05-09T10:15:16","modified_gmt":"2022-05-09T08:15:16","slug":"a-la-decouverte-de-gurl","status":"publish","type":"post","link":"https:\/\/audioactif.fr\/mdam\/2022\/05\/09\/a-la-decouverte-de-gurl\/","title":{"rendered":"A la d\u00e9couverte de &#8230; Gurl"},"content":{"rendered":"<p>Salut \u00e0 toutes et \u00e0 tous,<\/p>\n<p>Nouvel \u00e9pisode &#8220;<em>\u00e0 la d\u00e9couverte&#8230;<\/em>&#8221; et j&#8217;ai le plaisir de recevoir le trio francilien <b>Gurl<\/b> pour papoter autour de leur 1er EP <b>Garden Party<\/b> sorti en 2021.<\/p>\n<p>Alexis (Guitare\/Chant), Gabriel (Basse\/Chant) et Valentin (Batterie) nous parlent de leur parcours et des prochaines \u00e9tapes autour de leur projet Gurl.<\/p>\n<p>Retrouvez l&#8217;actu de Gurl sur <a href=\"https:\/\/www.facebook.com\/rocknguurl\/\">Facebook<\/a> , <a href=\"https:\/\/www.instagram.com\/rocknguurl\/?hl=fr\">Instagram<\/a> \u00a0les sorties sur leur <a href=\"https:\/\/rocknguurl.bandcamp.com\/album\/garden-party\">Bandcamp<\/a> \u00a0et pour les clips; leur cha\u00eene <a href=\"https:\/\/www.youtube.com\/channel\/UCS7zVFTAXZKC6ALQ5rBmvjw\">YouTube<\/a> .<\/p>\n<p><iframe id=\"ausha-SorY\" style=\"border: none; width: 100%; height: 220px;\" src=\"https:\/\/player.ausha.co\/index.html?podcastId=ygNgI09lmaLo&amp;playlist=false&amp;color=%2372238e&amp;v=3&amp;playerId=ausha-SorY\" height=\"220\" frameborder=\"0\"><\/iframe><script src=\"https:\/\/player.ausha.co\/ausha-player.js\"><\/script><\/p>\n<p>TrackList :<\/p>\n<p>Intro : <em>Friends<\/em> (Extrait de <b>Garden Party<\/b>-2021)<\/p>\n<p>&nbsp;<\/p>\n<p><em>SIK <\/em>\u00a0(Extrait de <b>Garden Party<\/b>-2021)<\/p>\n<p>&nbsp;<\/p>\n<p>Outro : <em>Gurl<\/em> (Extrait de <b>Garden Party<\/b>-2021)<\/p>\n<p>&nbsp;<\/p>\n<p>N&#8217;h\u00e9sitez pas \u00e0 laisser des commentaires sur vos applis de podcast et \u00e0 me retrouver sur Twitter ; &lt;a href=&#8221;https:\/\/twitter.com\/MDAM_pod&#8221; title=&#8221;<span style=\"margin: 0px;\" data-offset-key=\"3u0ib-1-0\"><span style=\"margin: 0px;\" data-text=\"true\">@MDAM_pod<\/span><\/span>&#8220;&gt;@MDAM_pod<\/p>\n<p>&nbsp;<\/p>\n","protected":false},"excerpt":{"rendered":"<p>Salut \u00e0 toutes et \u00e0 tous,\u00a0<\/p>\n<p>Nouvel \u00e9pisode &#8220;\u00e0 la d\u00e9couverte&#8230;&#8221; et j&#8217;ai le plaisir de recevoir le trio francilien Gurl pour papoter autour de leur 1er EP Garden Party sorti en 2021.\u00a0<br \/>\nAlexis (Guitare\/Chant), Gabriel (Basse\/Chant) et Valentin (Batterie)&#8230;<\/p>\n","protected":false},"author":930,"featured_media":392,"comment_status":"open","ping_status":"open","sticky":false,"template":"","format":"standard","meta":{"cybocfi_hide_featured_image":"","footnotes":"","fifu_image_url":"","fifu_image_alt":"","_vp_format_video_url":"","_vp_image_focal_point":[]},"categories":[173,4],"tags":[],"views":1263,"_links":{"self":[{"href":"https:\/\/audioactif.fr\/mdam\/wp-json\/wp\/v2\/posts\/391"}],"collection":[{"href":"https:\/\/audioactif.fr\/mdam\/wp-json\/wp\/v2\/posts"}],"about":[{"href":"https:\/\/audioactif.fr\/mdam\/wp-json\/wp\/v2\/types\/post"}],"author":[{"embeddable":true,"href":"https:\/\/audioactif.fr\/mdam\/wp-json\/wp\/v2\/users\/930"}],"replies":[{"embeddable":true,"href":"https:\/\/audioactif.fr\/mdam\/wp-json\/wp\/v2\/comments?post=391"}],"version-history":[{"count":2,"href":"https:\/\/audioactif.fr\/mdam\/wp-json\/wp\/v2\/posts\/391\/revisions"}],"predecessor-version":[{"id":395,"href":"https:\/\/audioactif.fr\/mdam\/wp-json\/wp\/v2\/posts\/391\/revisions\/395"}],"wp:featuredmedia":[{"embeddable":true,"href":"https:\/\/audioactif.fr\/mdam\/wp-json\/wp\/v2\/media\/392"}],"wp:attachment":[{"href":"https:\/\/audioactif.fr\/mdam\/wp-json\/wp\/v2\/media?parent=391"}],"wp:term":[{"taxonomy":"category","embeddable":true,"href":"https:\/\/audioactif.fr\/mdam\/wp-json\/wp\/v2\/categories?post=391"},{"taxonomy":"post_tag","embeddable":true,"href":"https:\/\/audioactif.fr\/mdam\/wp-json\/wp\/v2\/tags?post=391"}],"curies":[{"name":"wp","href":"https:\/\/api.w.org\/{rel}","templated":true}]}}