{"id":696,"date":"2014-08-06T10:13:57","date_gmt":"2014-08-06T08:13:57","guid":{"rendered":"http:\/\/www.eightieslepodcast.fr\/?p=696"},"modified":"2021-11-18T15:16:13","modified_gmt":"2021-11-18T14:16:13","slug":"cadeau-bonux-7-le-look-des-annees-80","status":"publish","type":"post","link":"https:\/\/audioactif.fr\/decennies\/2014\/08\/06\/cadeau-bonux-7-le-look-des-annees-80\/","title":{"rendered":"Cadeau Bonux #7 : Le look des ann\u00e9es 80"},"content":{"rendered":"<p><a href=\"http:\/\/www.eightieslepodcast.fr\/wp-content\/uploads\/2014\/07\/ban-cb-look.jpg\"><img loading=\"lazy\" decoding=\"async\" class=\"alignnone wp-image-695 size-full\" src=\"https:\/\/audioactif.fr\/decennies\/wp-content\/uploads\/sites\/18\/2014\/07\/ban-cb-look.jpg\" alt=\"ban-cb-look\" width=\"980\" height=\"463\" srcset=\"https:\/\/audioactif.fr\/decennies\/wp-content\/uploads\/sites\/18\/2014\/07\/ban-cb-look.jpg 980w, https:\/\/audioactif.fr\/decennies\/wp-content\/uploads\/sites\/18\/2014\/07\/ban-cb-look-300x142.jpg 300w, https:\/\/audioactif.fr\/decennies\/wp-content\/uploads\/sites\/18\/2014\/07\/ban-cb-look-768x363.jpg 768w, https:\/\/audioactif.fr\/decennies\/wp-content\/uploads\/sites\/18\/2014\/07\/ban-cb-look-520x245.jpg 520w, https:\/\/audioactif.fr\/decennies\/wp-content\/uploads\/sites\/18\/2014\/07\/ban-cb-look-720x340.jpg 720w\" sizes=\"(max-width: 980px) 100vw, 980px\" \/><\/a><\/p>\n<p>Hello poditrices, hello poditeurs !<\/p>\n<p>Lorsque l&#8217;on retombe au d\u00e9tour d&#8217;une r\u00e9union de famille sur des photos de notre enfance, il y a <strong>UNE CHOSE<\/strong> qui nous frappe (hormis les papiers peints \u00e0 motifs) : <strong>La mode vestimentaire<\/strong>.<\/p>\n<p>Et c&#8217;est de cela que nous allons parler tout au long de ce <strong>Cadeau Bonux #7<\/strong>. Cette p\u00e9riode horrible o\u00f9 nos v\u00eatements grattaient, d\u00e9mangeaient, aveuglaient, agressaient.<br \/>\n<strong>Charlotte<\/strong>, <strong>Imrage<\/strong> et <strong>Sirf<\/strong> rendent un hommage vibrant \u00e0 cette p\u00e9riode o\u00f9 nos parents,\u00a0 par sadisme ou inconscience, nous affublaient de frusques tr\u00e8s et trop souvent horribles.<\/p>\n<p>Mais rassurez-vous, nous \u00e9voquons aussi quelques bons souvenirs qui vous ferons sourire enfin on l&#8217;esp\u00e8re.<\/p>\n<p>Armez-vous de courage, car vos pires souvenirs risquent de se mat\u00e9rialiser.<\/p>\n<p>La Eighteam.<br \/>\n<iframe id=\"ausha-x517\" style=\"border: none; width: 100%; height: 220px;\" src=\"https:\/\/player.ausha.co\/index.html?podcastId=bldlf13QK5pb&amp;playlist=false&amp;color=%2372238e&amp;v=3&amp;playerId=ausha-x517\" height=\"220\" frameborder=\"0\"><\/iframe><script src=\"https:\/\/player.ausha.co\/ausha-player.js\"><\/script><\/p>\n","protected":false},"excerpt":{"rendered":"<p>&#46;&#46;&#46;<\/p>\n","protected":false},"author":1,"featured_media":695,"comment_status":"open","ping_status":"open","sticky":false,"template":"","format":"standard","meta":{"cybocfi_hide_featured_image":"","footnotes":"","fifu_image_url":"","fifu_image_alt":"","_vp_format_video_url":"","_vp_image_focal_point":[]},"categories":[57,12],"tags":[7,72,147,2,10,148,149,68,150],"views":3274,"_links":{"self":[{"href":"https:\/\/audioactif.fr\/decennies\/wp-json\/wp\/v2\/posts\/696"}],"collection":[{"href":"https:\/\/audioactif.fr\/decennies\/wp-json\/wp\/v2\/posts"}],"about":[{"href":"https:\/\/audioactif.fr\/decennies\/wp-json\/wp\/v2\/types\/post"}],"author":[{"embeddable":true,"href":"https:\/\/audioactif.fr\/decennies\/wp-json\/wp\/v2\/users\/1"}],"replies":[{"embeddable":true,"href":"https:\/\/audioactif.fr\/decennies\/wp-json\/wp\/v2\/comments?post=696"}],"version-history":[{"count":3,"href":"https:\/\/audioactif.fr\/decennies\/wp-json\/wp\/v2\/posts\/696\/revisions"}],"predecessor-version":[{"id":6747,"href":"https:\/\/audioactif.fr\/decennies\/wp-json\/wp\/v2\/posts\/696\/revisions\/6747"}],"wp:featuredmedia":[{"embeddable":true,"href":"https:\/\/audioactif.fr\/decennies\/wp-json\/wp\/v2\/media\/695"}],"wp:attachment":[{"href":"https:\/\/audioactif.fr\/decennies\/wp-json\/wp\/v2\/media?parent=696"}],"wp:term":[{"taxonomy":"category","embeddable":true,"href":"https:\/\/audioactif.fr\/decennies\/wp-json\/wp\/v2\/categories?post=696"},{"taxonomy":"post_tag","embeddable":true,"href":"https:\/\/audioactif.fr\/decennies\/wp-json\/wp\/v2\/tags?post=696"}],"curies":[{"name":"wp","href":"https:\/\/api.w.org\/{rel}","templated":true}]}}