{"id":5003,"date":"2018-07-18T07:00:05","date_gmt":"2018-07-18T05:00:05","guid":{"rendered":"http:\/\/www.eightieslepodcast.fr\/?p=5003"},"modified":"2021-11-18T14:44:48","modified_gmt":"2021-11-18T13:44:48","slug":"podcast-41-le-danielle-evenou-cinematic-universe-decu-avec-vhs-canape","status":"publish","type":"post","link":"https:\/\/audioactif.fr\/decennies\/2018\/07\/18\/podcast-41-le-danielle-evenou-cinematic-universe-decu-avec-vhs-canape\/","title":{"rendered":"Podcast #41 : Le Danielle Evenou Cinematic Universe (DECU) avec &#8220;VHS &amp; Canap\u00e9&#8221;"},"content":{"rendered":"<p><img loading=\"lazy\" decoding=\"async\" class=\"alignnone size-full wp-image-5004\" src=\"https:\/\/audioactif.fr\/decennies\/wp-content\/uploads\/sites\/18\/2018\/07\/BAN_IRL-41.jpg\" alt=\"\" width=\"980\" height=\"463\" srcset=\"https:\/\/audioactif.fr\/decennies\/wp-content\/uploads\/sites\/18\/2018\/07\/BAN_IRL-41.jpg 980w, https:\/\/audioactif.fr\/decennies\/wp-content\/uploads\/sites\/18\/2018\/07\/BAN_IRL-41-300x142.jpg 300w, https:\/\/audioactif.fr\/decennies\/wp-content\/uploads\/sites\/18\/2018\/07\/BAN_IRL-41-768x363.jpg 768w, https:\/\/audioactif.fr\/decennies\/wp-content\/uploads\/sites\/18\/2018\/07\/BAN_IRL-41-520x245.jpg 520w, https:\/\/audioactif.fr\/decennies\/wp-content\/uploads\/sites\/18\/2018\/07\/BAN_IRL-41-720x340.jpg 720w\" sizes=\"(max-width: 980px) 100vw, 980px\" \/><\/p>\n<div>Bonjour et bienvenue pour sur notre traditionnel \u00ab\u00a0<strong><em>Summer session IRL<\/em><\/strong>\u00a0\u00bb.<\/div>\n<div>Rappelez-vous, l\u2019an dernier nous \u00e9voquions notre &#8220;<a href=\"http:\/\/www.eightieslepodcast.fr\/podcast-33-le-merveilleux-voyage-musical\/\" target=\"_blank\" rel=\"noopener noreferrer\">Le merveilleux voyage musical<\/a>&#8220;<\/div>\n<div><\/div>\n<p>Cette ann\u00e9e, Nous tapons dans le tr\u00e8s tr\u00e8s lourd, nous avons l\u2019immense joie de recevoir les \u00ab\u00a0<strong><em>Burrinos<\/em><\/strong>\u00a0\u00bb du Podcast\u00a0 \u00ab\u00a0<a href=\"https:\/\/twitter.com\/VHS_et_CANAPE\" target=\"_blank\" rel=\"noopener noreferrer\"><em><strong>VHS &amp; Canap\u00e9<\/strong><\/em><\/a>\u00a0\u00bb, \u00e0 savoir Creepers (qui fait d\u00e9j\u00e0 parti de la maison) et son comparse <a href=\"https:\/\/twitter.com\/ronekenobi\" target=\"_blank\" rel=\"noopener noreferrer\">Rone<\/a>.<\/p>\n<div>Crossover oblige, nous allons \u00e9voquer avec vous le \u00ab <strong>DANIELLE EVENOU CINEMATIC UNIVERSE<\/strong>\u00a0\u00bb\u00a0 ou plus simplement le <strong>DECU<\/strong>.<\/div>\n<p>De son cultissime r\u00f4le dans \u00ab\u00a0<em><strong>Marie Pervenche<\/strong><\/em>\u00a0\u00bb en passant par le &#8220;<strong><em>T\u00e9l\u00e9 Achat<\/em><\/strong>&#8220;, nous allons tout vous raconter le long de ces 3h09\u00a0 de podcast.<\/p>\n<p>Bonne vacances et bonne \u00e9coute \u00e0 tous.<br \/>\nLa Eighteam<br \/>\n<iframe id=\"ausha-iPDI\" style=\"border: none; width: 100%; height: 220px;\" src=\"https:\/\/player.ausha.co\/index.html?podcastId=yOAdhEL13MnB&amp;playlist=false&amp;color=%2372238e&amp;v=3&amp;playerId=ausha-iPDI\" height=\"220\" frameborder=\"0\"><\/iframe><script src=\"https:\/\/player.ausha.co\/ausha-player.js\"><\/script><\/p>\n","protected":false},"excerpt":{"rendered":"<p>&#46;&#46;&#46;<\/p>\n","protected":false},"author":1,"featured_media":5004,"comment_status":"open","ping_status":"open","sticky":false,"template":"","format":"standard","meta":{"cybocfi_hide_featured_image":"","footnotes":"","fifu_image_url":"","fifu_image_alt":"","_vp_format_video_url":"","_vp_image_focal_point":[]},"categories":[11,1,12],"tags":[1066,926,1067,1068,28,1069,154,934,1065,381,429,369,370],"views":2946,"_links":{"self":[{"href":"https:\/\/audioactif.fr\/decennies\/wp-json\/wp\/v2\/posts\/5003"}],"collection":[{"href":"https:\/\/audioactif.fr\/decennies\/wp-json\/wp\/v2\/posts"}],"about":[{"href":"https:\/\/audioactif.fr\/decennies\/wp-json\/wp\/v2\/types\/post"}],"author":[{"embeddable":true,"href":"https:\/\/audioactif.fr\/decennies\/wp-json\/wp\/v2\/users\/1"}],"replies":[{"embeddable":true,"href":"https:\/\/audioactif.fr\/decennies\/wp-json\/wp\/v2\/comments?post=5003"}],"version-history":[{"count":3,"href":"https:\/\/audioactif.fr\/decennies\/wp-json\/wp\/v2\/posts\/5003\/revisions"}],"predecessor-version":[{"id":6687,"href":"https:\/\/audioactif.fr\/decennies\/wp-json\/wp\/v2\/posts\/5003\/revisions\/6687"}],"wp:featuredmedia":[{"embeddable":true,"href":"https:\/\/audioactif.fr\/decennies\/wp-json\/wp\/v2\/media\/5004"}],"wp:attachment":[{"href":"https:\/\/audioactif.fr\/decennies\/wp-json\/wp\/v2\/media?parent=5003"}],"wp:term":[{"taxonomy":"category","embeddable":true,"href":"https:\/\/audioactif.fr\/decennies\/wp-json\/wp\/v2\/categories?post=5003"},{"taxonomy":"post_tag","embeddable":true,"href":"https:\/\/audioactif.fr\/decennies\/wp-json\/wp\/v2\/tags?post=5003"}],"curies":[{"name":"wp","href":"https:\/\/api.w.org\/{rel}","templated":true}]}}