{"id":4794,"date":"2017-11-15T07:00:00","date_gmt":"2017-11-15T06:00:00","guid":{"rendered":"http:\/\/www.eightieslepodcast.fr\/?p=4794"},"modified":"2021-11-18T15:02:34","modified_gmt":"2021-11-18T14:02:34","slug":"cadeau-bonux-31-les-ost-de-la-saga-rocky","status":"publish","type":"post","link":"https:\/\/audioactif.fr\/decennies\/2017\/11\/15\/cadeau-bonux-31-les-ost-de-la-saga-rocky\/","title":{"rendered":"Cadeau Bonux #31 : Les OST de la saga Rocky"},"content":{"rendered":"<p><img loading=\"lazy\" decoding=\"async\" class=\"alignnone size-full wp-image-4797\" src=\"https:\/\/audioactif.fr\/decennies\/wp-content\/uploads\/sites\/18\/2017\/11\/CB_OST_ROCKY_.jpg\" alt=\"\" width=\"980\" height=\"463\" srcset=\"https:\/\/audioactif.fr\/decennies\/wp-content\/uploads\/sites\/18\/2017\/11\/CB_OST_ROCKY_.jpg 980w, https:\/\/audioactif.fr\/decennies\/wp-content\/uploads\/sites\/18\/2017\/11\/CB_OST_ROCKY_-300x142.jpg 300w, https:\/\/audioactif.fr\/decennies\/wp-content\/uploads\/sites\/18\/2017\/11\/CB_OST_ROCKY_-768x363.jpg 768w, https:\/\/audioactif.fr\/decennies\/wp-content\/uploads\/sites\/18\/2017\/11\/CB_OST_ROCKY_-520x245.jpg 520w, https:\/\/audioactif.fr\/decennies\/wp-content\/uploads\/sites\/18\/2017\/11\/CB_OST_ROCKY_-720x340.jpg 720w\" sizes=\"(max-width: 980px) 100vw, 980px\" \/><\/p>\n<p>Bonjour\u00a0\u00e0 tous,<br \/>\nDans le prolongement de notre num\u00e9ro de septembre consacr\u00e9 \u00e0 la <a href=\"http:\/\/www.eightieslepodcast.fr\/podcast-34-rocky-la-saga\/\" target=\"_blank\" rel=\"noopener noreferrer\">saga Rocky<\/a>, nous vous proposons de parcourir les grands th\u00e8mes et chansons qui ont accompagn\u00e9 notre boxeur de Philadelphie.<\/p>\n<p><a href=\"https:\/\/twitter.com\/Spades_CS\" target=\"_blank\" rel=\"noopener noreferrer\">Spades<\/a> et <a href=\"https:\/\/twitter.com\/Murdoc80s\" target=\"_blank\" rel=\"noopener noreferrer\">Murdoc<\/a> vous pr\u00e9senteront dans un premier temps, Bill Conti, le grand artisan des hymnes qui ont marqu\u00e9 la saga. Ils passeront ensuite aux chansons; autre \u00e9l\u00e9ment majeur de la musique de cette saga.<\/p>\n<p>Bonne \u00e9coute &#8230;.<\/p>\n<p><iframe id=\"ausha-vLNn\" style=\"border: none; width: 100%; height: 220px;\" src=\"https:\/\/player.ausha.co\/index.html?podcastId=BNAkhzkK8Eqb&amp;playlist=false&amp;color=%2372238e&amp;v=3&amp;playerId=ausha-vLNn\" height=\"220\" frameborder=\"0\"><\/iframe><script src=\"https:\/\/player.ausha.co\/ausha-player.js\"><\/script><\/p>\n<p>Ah j&#8217;oubliais&#8230;. le petit lien vers la pub , avec les vrais Survivor !!!<\/p>\n<div class=\"video-container\"><iframe loading=\"lazy\" title=\"Starbucks &quot;Glen&quot; Survivor Commercial\" width=\"500\" height=\"375\" src=\"https:\/\/www.youtube.com\/embed\/14qeu7JRwt0?feature=oembed&#038;wmode=opaque\" frameborder=\"0\" allow=\"accelerometer; autoplay; clipboard-write; encrypted-media; gyroscope; picture-in-picture\" allowfullscreen><\/iframe><\/div>\n","protected":false},"excerpt":{"rendered":"<p>&#46;&#46;&#46;<\/p>\n","protected":false},"author":1,"featured_media":4797,"comment_status":"open","ping_status":"open","sticky":false,"template":"","format":"standard","meta":{"cybocfi_hide_featured_image":"","footnotes":"","fifu_image_url":"","fifu_image_alt":"","_vp_format_video_url":"","_vp_image_focal_point":[]},"categories":[57],"tags":[777,934,1007,480,979],"views":3784,"_links":{"self":[{"href":"https:\/\/audioactif.fr\/decennies\/wp-json\/wp\/v2\/posts\/4794"}],"collection":[{"href":"https:\/\/audioactif.fr\/decennies\/wp-json\/wp\/v2\/posts"}],"about":[{"href":"https:\/\/audioactif.fr\/decennies\/wp-json\/wp\/v2\/types\/post"}],"author":[{"embeddable":true,"href":"https:\/\/audioactif.fr\/decennies\/wp-json\/wp\/v2\/users\/1"}],"replies":[{"embeddable":true,"href":"https:\/\/audioactif.fr\/decennies\/wp-json\/wp\/v2\/comments?post=4794"}],"version-history":[{"count":3,"href":"https:\/\/audioactif.fr\/decennies\/wp-json\/wp\/v2\/posts\/4794\/revisions"}],"predecessor-version":[{"id":6718,"href":"https:\/\/audioactif.fr\/decennies\/wp-json\/wp\/v2\/posts\/4794\/revisions\/6718"}],"wp:featuredmedia":[{"embeddable":true,"href":"https:\/\/audioactif.fr\/decennies\/wp-json\/wp\/v2\/media\/4797"}],"wp:attachment":[{"href":"https:\/\/audioactif.fr\/decennies\/wp-json\/wp\/v2\/media?parent=4794"}],"wp:term":[{"taxonomy":"category","embeddable":true,"href":"https:\/\/audioactif.fr\/decennies\/wp-json\/wp\/v2\/categories?post=4794"},{"taxonomy":"post_tag","embeddable":true,"href":"https:\/\/audioactif.fr\/decennies\/wp-json\/wp\/v2\/tags?post=4794"}],"curies":[{"name":"wp","href":"https:\/\/api.w.org\/{rel}","templated":true}]}}