{"id":4595,"date":"2017-12-05T19:15:33","date_gmt":"2017-12-05T18:15:33","guid":{"rendered":"http:\/\/www.eightieslepodcast.fr\/?p=4595"},"modified":"2021-11-18T16:52:52","modified_gmt":"2021-11-18T15:52:52","slug":"la-mixtape-best-of-de-mister-wizz-episode-24-etienne-daho","status":"publish","type":"post","link":"https:\/\/audioactif.fr\/decennies\/2017\/12\/05\/la-mixtape-best-of-de-mister-wizz-episode-24-etienne-daho\/","title":{"rendered":"La mixtape Best of de Mister Wizz \u2013 Episode 24 : Etienne Daho"},"content":{"rendered":"<p><b>La\u00a0<\/b><b>mixtape Best of\u00a0<\/b><b>de\u00a0<\/b><b>Mister<\/b>\u00a0<b>Wizz<\/b><b>\u00a0\u2013 Episode\u00a0<\/b><b>24<\/b>\u00a0<b>: Etienne Daho<\/b><\/p>\n<p style=\"text-align: justify;\">Bonjour \u00e0 tous ^@^ Quatri\u00e8me <em>Best of<\/em>, consacr\u00e9 \u00e0 un artiste qui d\u00e9bute sa carri\u00e8re en 1979, dans le sillage des <em>Jeunes gens m\u00f6dernes<\/em>, entour\u00e9 des &#8220;Stinky Toys&#8221; et de &#8220;Marquis de Sade&#8221;. C&#8217;est cette fine \u00e9quipe qui r\u00e9alisera en 1981 &#8220;Mythomane&#8221;, le premier album de notre Etienne national. Le succ\u00e8s monte et explose avec &#8220;Pop satori&#8221;, le troisi\u00e8me album, contenant les incontournables &#8220;Tomb\u00e9 pour la France&#8221;, &#8220;Duel au soleil&#8221; et &#8220;Epaule tatoo&#8221;. De la new wave discr\u00e8te des d\u00e9buts aux concerts \u00e0 guichets ferm\u00e9s de la fin des eighties, il est devenu un grand nom de la chanson fran\u00e7aise. Cette s\u00e9lection\u00a0permet donc de revenir aux sources et de suivre la construction d&#8217;un Daho en devenir, multiple et toujours original. Bonne \u00e9coute !<\/p>\n<p style=\"text-align: center;\"><a href=\"https:\/\/www.mixcloud.com\/juleswizz\/la-mixtape-best-of-de-mister-wizz-episode-24-etienne-daho\/\"><img loading=\"lazy\" decoding=\"async\" class=\"aligncenter size-medium wp-image-6829\" src=\"https:\/\/audioactif.fr\/decennies\/wp-content\/uploads\/sites\/18\/2017\/12\/Cassette-24-300x191.png\" alt=\"\" width=\"300\" height=\"191\" srcset=\"https:\/\/audioactif.fr\/decennies\/wp-content\/uploads\/sites\/18\/2017\/12\/Cassette-24-300x191.png 300w, https:\/\/audioactif.fr\/decennies\/wp-content\/uploads\/sites\/18\/2017\/12\/Cassette-24-768x489.png 768w, https:\/\/audioactif.fr\/decennies\/wp-content\/uploads\/sites\/18\/2017\/12\/Cassette-24.png 800w\" sizes=\"(max-width: 300px) 100vw, 300px\" \/><\/a><\/p>\n<p><b>Face A<\/b><\/p>\n<p>01\u00a0<b>Epaule tatoo (extended version).<\/b>\u00a0[1986 &#8220;Epaule tatoo&#8221; 12&#8243; single \/ &#8220;Pop satori&#8221; remaster ]<\/p>\n<p>02\u00a0<b>Winter blue (avec Laurie Mayer)\u00a0<\/b><b>(0<\/b><b>0:05<\/b><b>:45<\/b><b>)<\/b>. [1988 &#8220;Pour nos vies martiennes&#8221;]<\/p>\n<p>03\u00a0<b>Poppy Gene Tierney<\/b><b>\u00a0(0<\/b><b>0:09:22<\/b><b>)<\/b>. [1984 &#8220;La notte, la notte&#8221;]<\/p>\n<p>04\u00a0<b>Cow-boy<\/b><b>\u00a0(0<\/b><b>0:12:54<\/b><b>)<\/b>. [1981 &#8220;Mythomane&#8221;]<\/p>\n<p>05\u00a0<b>4000 ann\u00e9es d&#8217;horreur<\/b><b>\u00a0(0<\/b><b>0:16<\/b><b>:26<\/b><b>)<\/b>. [1986 &#8220;Pop satori&#8221;]<\/p>\n<p>06\u00a0<b>Swinging London (remix)<\/b><b>\u00a0(0<\/b><b>0:2<\/b><b>0<\/b><b>:33<\/b><b>)<\/b>. [1987 &#8220;Collection&#8221; \/ originale 1982 &#8220;Le grand sommeil&#8221; 12&#8243; single]<\/p>\n<p><b>FACE B<\/b><\/p>\n<p>01\u00a0<b>Bleu comme toi (light blue long version)<\/b>\u00a0<b>(0<\/b><b>0:24<\/b><b>:34<\/b><b>)<\/b>. [1988 &#8220;Bleu comme toi&#8221; 12&#8243; single \/ &#8220;Pour nos vies martiennes&#8221; remaster]<\/p>\n<p>02\u00a0<b>Et si je m&#8217;en vais avant toi (avec Fran\u00e7oise Hardy)\u00a0<\/b><b>(0<\/b><b>0:3<\/b><b>0<\/b><b>:13<\/b><b>)<\/b>. [1987 &#8220;Collection&#8221; \/ 1985 &#8220;Tomb\u00e9 pour la France&#8221; 12&#8243; single]<\/p>\n<p>03\u00a0<b>Encore cette chanson<\/b><b>\u00a0(0<\/b><b>0:33<\/b><b>:33<\/b><b>)<\/b>. [1981 &#8220;Mythomane&#8221;]<\/p>\n<p>04\u00a0<b>La ville<\/b><b>\u00a0(avec Daniel Darc)\u00a0(0<\/b><b>0:36<\/b><b>:19<\/b><b>)<\/b>. [1988 &#8220;Pour nos vies martiennes&#8221; remaster \/ originale Daniel Darc: &#8220;La ville&#8221; single]<\/p>\n<p>05\u00a0<b>Satory pop century<\/b><b>\u00a0(0<\/b><b>0<\/b><b>:39<\/b><b>:49<\/b><b>)<\/b>. [1986 &#8220;Pop century&#8221;]<\/p>\n<p>06\u00a0<b>Des heures hindoues (extended)<\/b><b>\u00a0(0<\/b><b>0<\/b><b>:43<\/b><b>:<\/b><b>01<\/b><b>)<\/b>. [1988 &#8220;Des heures hindoues&#8221; 12&#8243; single \/ &#8220;Pour nos vies martiennes&#8221; remaster]<\/p>\n<p>&nbsp;<\/p>\n<p style=\"text-align: center;\"><img loading=\"lazy\" decoding=\"async\" class=\"aligncenter size-medium wp-image-6836\" src=\"https:\/\/audioactif.fr\/decennies\/wp-content\/uploads\/sites\/18\/2017\/12\/Disco-24-300x298.png\" alt=\"\" width=\"300\" height=\"298\" srcset=\"https:\/\/audioactif.fr\/decennies\/wp-content\/uploads\/sites\/18\/2017\/12\/Disco-24-300x298.png 300w, https:\/\/audioactif.fr\/decennies\/wp-content\/uploads\/sites\/18\/2017\/12\/Disco-24-150x150.png 150w, https:\/\/audioactif.fr\/decennies\/wp-content\/uploads\/sites\/18\/2017\/12\/Disco-24-80x80.png 80w, https:\/\/audioactif.fr\/decennies\/wp-content\/uploads\/sites\/18\/2017\/12\/Disco-24.png 720w\" sizes=\"(max-width: 300px) 100vw, 300px\" \/><\/p>\n","protected":false},"excerpt":{"rendered":"<p>&#46;&#46;&#46;<\/p>\n","protected":false},"author":1,"featured_media":6437,"comment_status":"open","ping_status":"open","sticky":false,"template":"","format":"standard","meta":{"cybocfi_hide_featured_image":"","footnotes":"","fifu_image_url":"","fifu_image_alt":"","_vp_format_video_url":"","_vp_image_focal_point":[]},"categories":[91,387,12],"tags":[970,440,369],"views":1950,"_links":{"self":[{"href":"https:\/\/audioactif.fr\/decennies\/wp-json\/wp\/v2\/posts\/4595"}],"collection":[{"href":"https:\/\/audioactif.fr\/decennies\/wp-json\/wp\/v2\/posts"}],"about":[{"href":"https:\/\/audioactif.fr\/decennies\/wp-json\/wp\/v2\/types\/post"}],"author":[{"embeddable":true,"href":"https:\/\/audioactif.fr\/decennies\/wp-json\/wp\/v2\/users\/1"}],"replies":[{"embeddable":true,"href":"https:\/\/audioactif.fr\/decennies\/wp-json\/wp\/v2\/comments?post=4595"}],"version-history":[{"count":3,"href":"https:\/\/audioactif.fr\/decennies\/wp-json\/wp\/v2\/posts\/4595\/revisions"}],"predecessor-version":[{"id":6842,"href":"https:\/\/audioactif.fr\/decennies\/wp-json\/wp\/v2\/posts\/4595\/revisions\/6842"}],"wp:featuredmedia":[{"embeddable":true,"href":"https:\/\/audioactif.fr\/decennies\/wp-json\/wp\/v2\/media\/6437"}],"wp:attachment":[{"href":"https:\/\/audioactif.fr\/decennies\/wp-json\/wp\/v2\/media?parent=4595"}],"wp:term":[{"taxonomy":"category","embeddable":true,"href":"https:\/\/audioactif.fr\/decennies\/wp-json\/wp\/v2\/categories?post=4595"},{"taxonomy":"post_tag","embeddable":true,"href":"https:\/\/audioactif.fr\/decennies\/wp-json\/wp\/v2\/tags?post=4595"}],"curies":[{"name":"wp","href":"https:\/\/api.w.org\/{rel}","templated":true}]}}