{"id":2505,"date":"2015-09-11T11:25:30","date_gmt":"2015-09-11T09:25:30","guid":{"rendered":"http:\/\/www.eightieslepodcast.fr\/?p=2505"},"modified":"2021-11-18T15:56:29","modified_gmt":"2021-11-18T14:56:29","slug":"eighties-et-vous-1-gianni-molinaro","status":"publish","type":"post","link":"https:\/\/audioactif.fr\/decennies\/2015\/09\/11\/eighties-et-vous-1-gianni-molinaro\/","title":{"rendered":"Eighties et vous #1 : Gianni Molinaro"},"content":{"rendered":"<p><img loading=\"lazy\" decoding=\"async\" class=\"size-full wp-image-2522 aligncenter\" src=\"https:\/\/audioactif.fr\/decennies\/wp-content\/uploads\/sites\/18\/2015\/09\/eighties-et-vous08.jpg\" alt=\"\" width=\"2000\" height=\"1091\" srcset=\"https:\/\/audioactif.fr\/decennies\/wp-content\/uploads\/sites\/18\/2015\/09\/eighties-et-vous08.jpg 2000w, https:\/\/audioactif.fr\/decennies\/wp-content\/uploads\/sites\/18\/2015\/09\/eighties-et-vous08-300x164.jpg 300w, https:\/\/audioactif.fr\/decennies\/wp-content\/uploads\/sites\/18\/2015\/09\/eighties-et-vous08-1024x559.jpg 1024w, https:\/\/audioactif.fr\/decennies\/wp-content\/uploads\/sites\/18\/2015\/09\/eighties-et-vous08-768x419.jpg 768w, https:\/\/audioactif.fr\/decennies\/wp-content\/uploads\/sites\/18\/2015\/09\/eighties-et-vous08-1536x838.jpg 1536w\" sizes=\"(max-width: 2000px) 100vw, 2000px\" \/><\/p>\n<h3 style=\"text-align: justify;\"><strong>Bonjour \u00e0 toutes et \u00e0 tous et bienvenue dans &#8220;Eighties et vous&#8221;.<\/strong><\/h3>\n<p><strong> Eighties et vous c\u2019est\u00a0LA nouvelle \u00e9mission de cette troisi\u00e8me saison d&#8217;Eighties le podcast.<\/strong><\/p>\n<p style=\"text-align: justify;\">Sirf recevra une personne ayant connu les ann\u00e9es 80 pour diverses raisons, soit qu\u2019elle ait marqu\u00e9e celle-ci par son actualit\u00e9 \u00e0 l&#8217;\u00e9poque, soit qu\u2019elle ait tout simplement grandi pendant cette p\u00e9riode ou bien encore qu\u2019elle veuille partager sa passion des Eighties.<br \/>\nLa particularit\u00e9 de cette nouvelle \u00e9mission sera surtout de d\u00e9couvrir des facettes moins connues de l&#8217;invit\u00e9.<\/p>\n<p style=\"text-align: justify;\">Pour ce premier num\u00e9ro c&#8217;est <strong>Gianni Molinaro (aka <a href=\"https:\/\/twitter.com\/PLVME\" target=\"_blank\" rel=\"noopener\">Plume<\/a>)<\/strong>, journaliste, qui nous fait l&#8217;immense honneur de venir se confier sur son enfance r\u00e9moise et sur les s\u00e9quelles Eighties qui le peuplent encore aujourd&#8217;hui.<\/p>\n<p style=\"text-align: justify;\">Si vous avez toujours r\u00eav\u00e9 de conna\u00eetre les <strong>plaisirs coupables<\/strong>, les <strong>d\u00e9viances culinaires<\/strong> ou bien les <strong>femmes qui ont pu le faire fondre<\/strong> vous avez frapp\u00e9 \u00e0 la bonne porte !<\/p>\n<p style=\"text-align: justify;\">Et comme un entretien avec Gianni ne serait rien sans une partie football c&#8217;est donc avec \u00e9motion que nous reparlerons de la <strong>Coupe du monde de la FIFA\u2122 1982<\/strong>, du <strong>Stade de Reims<\/strong> et de <strong>Bruno Conti<\/strong> notamment.<\/p>\n<p style=\"text-align: justify;\">On compte sur vous pour nous faire vos retours sur ce nouveau concept pour que nous sachions si celui-ci vous pla\u00eet autant qu&#8217;\u00e0 nous.<\/p>\n<p style=\"text-align: justify;\">A tr\u00e8s bient\u00f4t pour un prochain\u00a0num\u00e9ro d&#8217;Eighties et vous.<\/p>\n<p style=\"text-align: justify;\">La Eighteam.<\/p>\n<p><iframe id=\"ausha-bjF1\" style=\"border: none; width: 100%; height: 220px;\" src=\"https:\/\/player.ausha.co\/index.html?podcastId=oRzdHxdREEGo&amp;playlist=false&amp;color=%2372238e&amp;v=3&amp;playerId=ausha-bjF1\" height=\"220\" frameborder=\"0\"><\/iframe><script src=\"https:\/\/player.ausha.co\/ausha-player.js\"><\/script><\/p>\n","protected":false},"excerpt":{"rendered":"<p>&#46;&#46;&#46;<\/p>\n","protected":false},"author":1,"featured_media":2594,"comment_status":"open","ping_status":"open","sticky":false,"template":"","format":"standard","meta":{"cybocfi_hide_featured_image":"","footnotes":"","fifu_image_url":"","fifu_image_alt":"","_vp_format_video_url":"","_vp_image_focal_point":[]},"categories":[420],"tags":[418,419,2,421,422,423,424,425,426,427,428,121,385,429],"views":1981,"_links":{"self":[{"href":"https:\/\/audioactif.fr\/decennies\/wp-json\/wp\/v2\/posts\/2505"}],"collection":[{"href":"https:\/\/audioactif.fr\/decennies\/wp-json\/wp\/v2\/posts"}],"about":[{"href":"https:\/\/audioactif.fr\/decennies\/wp-json\/wp\/v2\/types\/post"}],"author":[{"embeddable":true,"href":"https:\/\/audioactif.fr\/decennies\/wp-json\/wp\/v2\/users\/1"}],"replies":[{"embeddable":true,"href":"https:\/\/audioactif.fr\/decennies\/wp-json\/wp\/v2\/comments?post=2505"}],"version-history":[{"count":3,"href":"https:\/\/audioactif.fr\/decennies\/wp-json\/wp\/v2\/posts\/2505\/revisions"}],"predecessor-version":[{"id":6770,"href":"https:\/\/audioactif.fr\/decennies\/wp-json\/wp\/v2\/posts\/2505\/revisions\/6770"}],"wp:featuredmedia":[{"embeddable":true,"href":"https:\/\/audioactif.fr\/decennies\/wp-json\/wp\/v2\/media\/2594"}],"wp:attachment":[{"href":"https:\/\/audioactif.fr\/decennies\/wp-json\/wp\/v2\/media?parent=2505"}],"wp:term":[{"taxonomy":"category","embeddable":true,"href":"https:\/\/audioactif.fr\/decennies\/wp-json\/wp\/v2\/categories?post=2505"},{"taxonomy":"post_tag","embeddable":true,"href":"https:\/\/audioactif.fr\/decennies\/wp-json\/wp\/v2\/tags?post=2505"}],"curies":[{"name":"wp","href":"https:\/\/api.w.org\/{rel}","templated":true}]}}