{"id":5664,"date":"2026-08-31T14:01:04","date_gmt":"2026-08-31T12:01:04","guid":{"rendered":"http:\/\/audioactif.fr\/cqep\/2026\/08\/31\/cqep-233-la-course-motogp-daragon-2026-ara\/"},"modified":"2026-08-31T14:01:04","modified_gmt":"2026-08-31T12:01:04","slug":"cqep-233-la-course-motogp-daragon-2026-ara","status":"publish","type":"post","link":"https:\/\/audioactif.fr\/cqep\/2026\/08\/31\/cqep-233-la-course-motogp-daragon-2026-ara\/","title":{"rendered":"CQEP &#8211; 233 &#8211; La course MotoGP d&#8217;Aragon 2026 (ARA)"},"content":{"rendered":"<p><iframe loading=\"lazy\" frameborder=\"0\" height=\"200px\" scrolling=\"no\" width=\"100%\" src=\"https:\/\/widget.ausha.co\/index.html?podcastId=BQ69UqEGJVpo&amp;display=horizontal&amp;v=2\"><\/iframe><\/p>\n<p>Bonjour \u00e0 toutes et \u00e0 tous,<\/p>\n<\/p>\n<p>Nicolas et Pierre vous retrouvent pour ce 233\u00e8me num\u00e9ro de CQEP, qui revient sur le GP d&#8217;Aragon 2026.<\/p>\n<\/p>\n<p>La domination de Marquez, le retour \u00e9blouissant de Zarco, le week-end cauchemardesque de Quartararo, on en parle ainsi que des derniers transferts.<\/p>\n<\/p>\n<p>C\u00f4t\u00e9 Moto2 et Moto3, on aborde \u00e9galement la victoire de Lopez et celle de Quiles.<\/p>\n<\/p>\n<p>Bonne \u00e9coute,<\/p>\n<\/p>\n<p>Twitter: @cqep_pod<\/p>\n<p>Discord: <a href=\"https:\/\/discord.gg\/eAG5xem\"><u><a href=\"https:\/\/discord.gg\/eAG5xem\" rel=\"nofollow\">https:\/\/discord.gg\/eAG5xem<\/a><\/u><\/a><\/p>\n<p>G\u00e9n\u00e9rique : \u201cRoad trip\u201d by Scott Holmes <a href=\"http:\/\/freemusicarchive.org\/music\/Scott_Holmes\"><u><a href=\"http:\/\/freemusicarchive.org\/music\/Scott_Holmes\" rel=\"nofollow\">http:\/\/freemusicarchive.org\/music\/Scott_Holmes<\/a><\/u><\/a><\/p>\n<\/p>\n<p>H\u00e9berg\u00e9 par Ausha. Visitez <a href=\"https:\/\/ausha.co\/politique-de-confidentialite\">ausha.co\/politique-de-confidentialite<\/a> pour plus d&#8217;informations.<\/p>\n","protected":false},"excerpt":{"rendered":"<p>Bonjour \u00e0 toutes et \u00e0 tous,<\/p>\n<p>Nicolas et Pierre vous retrouvent pour ce 233\u00e8me num\u00e9ro de CQEP, qui revient sur le GP d&#8217;Aragon 2026.<\/p>\n<p>La domination de Marquez, le retour \u00e9blouissant de Zarco, le week-end cauchemardesque de Quartararo, on en parle ains&#8230;<\/p>\n","protected":false},"author":930,"featured_media":5549,"comment_status":"open","ping_status":"open","sticky":false,"template":"","format":"standard","meta":{"cybocfi_hide_featured_image":"","footnotes":"","fifu_image_url":"","fifu_image_alt":"","_vp_format_video_url":"","_vp_image_focal_point":[]},"categories":[4],"tags":[],"views":13,"_links":{"self":[{"href":"https:\/\/audioactif.fr\/cqep\/wp-json\/wp\/v2\/posts\/5664"}],"collection":[{"href":"https:\/\/audioactif.fr\/cqep\/wp-json\/wp\/v2\/posts"}],"about":[{"href":"https:\/\/audioactif.fr\/cqep\/wp-json\/wp\/v2\/types\/post"}],"author":[{"embeddable":true,"href":"https:\/\/audioactif.fr\/cqep\/wp-json\/wp\/v2\/users\/930"}],"replies":[{"embeddable":true,"href":"https:\/\/audioactif.fr\/cqep\/wp-json\/wp\/v2\/comments?post=5664"}],"version-history":[{"count":0,"href":"https:\/\/audioactif.fr\/cqep\/wp-json\/wp\/v2\/posts\/5664\/revisions"}],"wp:featuredmedia":[{"embeddable":true,"href":"https:\/\/audioactif.fr\/cqep\/wp-json\/wp\/v2\/media\/5549"}],"wp:attachment":[{"href":"https:\/\/audioactif.fr\/cqep\/wp-json\/wp\/v2\/media?parent=5664"}],"wp:term":[{"taxonomy":"category","embeddable":true,"href":"https:\/\/audioactif.fr\/cqep\/wp-json\/wp\/v2\/categories?post=5664"},{"taxonomy":"post_tag","embeddable":true,"href":"https:\/\/audioactif.fr\/cqep\/wp-json\/wp\/v2\/tags?post=5664"}],"curies":[{"name":"wp","href":"https:\/\/api.w.org\/{rel}","templated":true}]}}