{"id":5631,"date":"2025-11-11T08:00:00","date_gmt":"2025-11-11T07:00:00","guid":{"rendered":"http:\/\/audioactif.fr\/cqep\/2025\/11\/11\/cqep-206-la-course-motogp-du-portugal-2025-por\/"},"modified":"2025-11-11T08:00:00","modified_gmt":"2025-11-11T07:00:00","slug":"cqep-206-la-course-motogp-du-portugal-2025-por","status":"publish","type":"post","link":"https:\/\/audioactif.fr\/cqep\/2025\/11\/11\/cqep-206-la-course-motogp-du-portugal-2025-por\/","title":{"rendered":"CQEP &#8211; 206 &#8211; La course MotoGP du Portugal 2025 (POR)"},"content":{"rendered":"<p><iframe loading=\"lazy\" frameborder=\"0\" height=\"200px\" scrolling=\"no\" width=\"100%\" src=\"https:\/\/widget.ausha.co\/index.html?podcastId=BQ69ULaQM2Wo&amp;display=horizontal&amp;v=2\"><\/iframe><\/p>\n<p>Bonjour \u00e0 toutes et \u00e0 tous,<\/p>\n<\/p>\n<p>Automne, Gweno et Pierre se retrouvent pour ce 206\u00e8me num\u00e9ro de CQEP, qui revient sur le GP du Portugal 2025.<\/p>\n<\/p>\n<p>La perf de Bezzecchi, le bon week-end d&#8217;Alex Marquez et d&#8217;Acosta, les fran\u00e7ais qui ne d\u00e9m\u00e9ritent pas !<\/p>\n<p>Egalement la derni\u00e8re course de MotoE et le titre qui s&#8217;est jou\u00e9, ainsi que le Moto3 et Moto2!<\/p>\n<\/p>\n<p>Bonne \u00e9coute<\/p>\n<\/p>\n<p>Twitter: @cqep_pod<\/p>\n<p>Discord: <a href=\"https:\/\/discord.gg\/eAG5xem\">https:\/\/discord.gg\/eAG5xem<\/a><\/p>\n<p>G\u00e9n\u00e9rique : \u201cRoad trip\u201d by Scott Holmes <a href=\"http:\/\/freemusicarchive.org\/music\/Scott_Holmes\">http:\/\/freemusicarchive.org\/music\/Scott_Holmes<\/a><\/p>\n<\/p>\n<p>H\u00e9berg\u00e9 par Ausha. Visitez <a href=\"https:\/\/ausha.co\/politique-de-confidentialite\">ausha.co\/politique-de-confidentialite<\/a> pour plus d&#8217;informations.<\/p>\n","protected":false},"excerpt":{"rendered":"<p>Bonjour \u00e0 toutes et \u00e0 tous,<\/p>\n<p>Automne, Gweno et Pierre se retrouvent pour ce 206\u00e8me num\u00e9ro de CQEP, qui revient sur le GP du Portugal 2025.<\/p>\n<p>La perf de Bezzecchi, le bon week-end d&#8217;Alex Marquez et d&#8217;Acosta, les fran\u00e7ais qui ne d\u00e9m\u00e9ritent pas !<\/p>\n<p>Egale&#8230;<\/p>\n","protected":false},"author":930,"featured_media":5549,"comment_status":"open","ping_status":"open","sticky":false,"template":"","format":"standard","meta":{"cybocfi_hide_featured_image":"","footnotes":"","fifu_image_url":"","fifu_image_alt":"","_vp_format_video_url":"","_vp_image_focal_point":[]},"categories":[4],"tags":[],"views":180,"_links":{"self":[{"href":"https:\/\/audioactif.fr\/cqep\/wp-json\/wp\/v2\/posts\/5631"}],"collection":[{"href":"https:\/\/audioactif.fr\/cqep\/wp-json\/wp\/v2\/posts"}],"about":[{"href":"https:\/\/audioactif.fr\/cqep\/wp-json\/wp\/v2\/types\/post"}],"author":[{"embeddable":true,"href":"https:\/\/audioactif.fr\/cqep\/wp-json\/wp\/v2\/users\/930"}],"replies":[{"embeddable":true,"href":"https:\/\/audioactif.fr\/cqep\/wp-json\/wp\/v2\/comments?post=5631"}],"version-history":[{"count":0,"href":"https:\/\/audioactif.fr\/cqep\/wp-json\/wp\/v2\/posts\/5631\/revisions"}],"wp:featuredmedia":[{"embeddable":true,"href":"https:\/\/audioactif.fr\/cqep\/wp-json\/wp\/v2\/media\/5549"}],"wp:attachment":[{"href":"https:\/\/audioactif.fr\/cqep\/wp-json\/wp\/v2\/media?parent=5631"}],"wp:term":[{"taxonomy":"category","embeddable":true,"href":"https:\/\/audioactif.fr\/cqep\/wp-json\/wp\/v2\/categories?post=5631"},{"taxonomy":"post_tag","embeddable":true,"href":"https:\/\/audioactif.fr\/cqep\/wp-json\/wp\/v2\/tags?post=5631"}],"curies":[{"name":"wp","href":"https:\/\/api.w.org\/{rel}","templated":true}]}}