{"id":5597,"date":"2025-01-21T09:02:20","date_gmt":"2025-01-21T08:02:20","guid":{"rendered":"http:\/\/audioactif.fr\/cqep\/2025\/01\/21\/cqep-181-debrief-saison-2024-partie-2-motogp\/"},"modified":"2025-01-21T09:02:20","modified_gmt":"2025-01-21T08:02:20","slug":"cqep-181-debrief-saison-2024-partie-2-motogp","status":"publish","type":"post","link":"https:\/\/audioactif.fr\/cqep\/2025\/01\/21\/cqep-181-debrief-saison-2024-partie-2-motogp\/","title":{"rendered":"CQEP &#8211; 181 &#8211; Debrief saison 2024 Partie 2: MotoGP"},"content":{"rendered":"<p>Bonjour et bienvenue pour ce dernier d\u00e9brief de fin de saison 2024.<\/p>\n<p>Chez CQEP, on cloture donc cette saison incroyable avec cet \u00e9pisode.<\/p>\n<p>Oph\u00e9lie accueille Paul, Pierre et K\u00e9vin de LBAC pour cette partie 2 qui se concentre sur la cat\u00e9gorie reine: le MotoGP ! Les performances des pilotes et des teams sont d\u00e9cortiqu\u00e9es et analys\u00e9es et on revient longuement sur Jorge Martin, Pecco Bagnaia, Marc Marquez, Pedro Acosta, Fabio Quartararo et Johann Zarco.<\/p>\n<p>Mentions sp\u00e9ciales \u00e0 Honda qui se prend des taquets et Vinales qui fait d\u00e9bat.<\/p>\n<p>Bonne \u00e9coute et \u00e0 bient\u00f4t pour le lancement de saison 2025.<\/p>\n<\/p>\n<p>H\u00e9berg\u00e9 par Ausha. Visitez <a href=\"https:\/\/ausha.co\/politique-de-confidentialite\">ausha.co\/politique-de-confidentialite<\/a> pour plus d&#8217;informations.<\/p>\n","protected":false},"excerpt":{"rendered":"<p>Bonjour et bienvenue pour ce dernier d\u00e9brief de fin de saison 2024.<\/p>\n<p>Chez CQEP, on cloture donc cette saison incroyable avec cet \u00e9pisode.<\/p>\n<p>Oph\u00e9lie accueille Paul, Pierre et K\u00e9vin de LBAC pour cette partie 2 qui se concentre sur la cat\u00e9gorie reine: le&#8230;<\/p>\n","protected":false},"author":930,"featured_media":5549,"comment_status":"open","ping_status":"open","sticky":false,"template":"","format":"standard","meta":{"cybocfi_hide_featured_image":"","footnotes":"","fifu_image_url":"","fifu_image_alt":"","_vp_format_video_url":"","_vp_image_focal_point":[]},"categories":[4],"tags":[],"views":397,"_links":{"self":[{"href":"https:\/\/audioactif.fr\/cqep\/wp-json\/wp\/v2\/posts\/5597"}],"collection":[{"href":"https:\/\/audioactif.fr\/cqep\/wp-json\/wp\/v2\/posts"}],"about":[{"href":"https:\/\/audioactif.fr\/cqep\/wp-json\/wp\/v2\/types\/post"}],"author":[{"embeddable":true,"href":"https:\/\/audioactif.fr\/cqep\/wp-json\/wp\/v2\/users\/930"}],"replies":[{"embeddable":true,"href":"https:\/\/audioactif.fr\/cqep\/wp-json\/wp\/v2\/comments?post=5597"}],"version-history":[{"count":0,"href":"https:\/\/audioactif.fr\/cqep\/wp-json\/wp\/v2\/posts\/5597\/revisions"}],"wp:featuredmedia":[{"embeddable":true,"href":"https:\/\/audioactif.fr\/cqep\/wp-json\/wp\/v2\/media\/5549"}],"wp:attachment":[{"href":"https:\/\/audioactif.fr\/cqep\/wp-json\/wp\/v2\/media?parent=5597"}],"wp:term":[{"taxonomy":"category","embeddable":true,"href":"https:\/\/audioactif.fr\/cqep\/wp-json\/wp\/v2\/categories?post=5597"},{"taxonomy":"post_tag","embeddable":true,"href":"https:\/\/audioactif.fr\/cqep\/wp-json\/wp\/v2\/tags?post=5597"}],"curies":[{"name":"wp","href":"https:\/\/api.w.org\/{rel}","templated":true}]}}