{"id":5595,"date":"2024-12-31T13:46:07","date_gmt":"2024-12-31T12:46:07","guid":{"rendered":"http:\/\/audioactif.fr\/cqep\/2024\/12\/31\/cqep-180-debrief-saison-2024-partie-1-motoe-moto3-moto2\/"},"modified":"2024-12-31T13:46:07","modified_gmt":"2024-12-31T12:46:07","slug":"cqep-180-debrief-saison-2024-partie-1-motoe-moto3-moto2","status":"publish","type":"post","link":"https:\/\/audioactif.fr\/cqep\/2024\/12\/31\/cqep-180-debrief-saison-2024-partie-1-motoe-moto3-moto2\/","title":{"rendered":"CQEP &#8211; 180 &#8211; Debrief saison 2024 Partie 1: MotoE Moto3 Moto2"},"content":{"rendered":"<p>Bonjour et bienvenue pour ce d\u00e9brief de fin de saison 2024.<\/p>\n<p>Oph\u00e9lie accueille Paul, Pierre et K\u00e9vin de LBAC pour cette partie 1 qui se concentre sur les petites cat\u00e9gories: au programme les saisons MotoE, Moto3 et Moto2 sont d\u00e9cortiqu\u00e9es et analys\u00e9es ainsi que les champions en titre: Hector Garzo, David Alonso et Ai Ogura !<\/p>\n<p>Bonne \u00e9coute et \u00e0 bient\u00f4t pour la partie 2 sur le MotoGP !<\/p>\n<\/p>\n<p>H\u00e9berg\u00e9 par Ausha. Visitez <a href=\"https:\/\/ausha.co\/politique-de-confidentialite\">ausha.co\/politique-de-confidentialite<\/a> pour plus d&#8217;informations.<\/p>\n","protected":false},"excerpt":{"rendered":"<p>Bonjour et bienvenue pour ce d\u00e9brief de fin de saison 2024.<\/p>\n<p>Oph\u00e9lie accueille Paul, Pierre et K\u00e9vin de LBAC pour cette partie 1 qui se concentre sur les petites cat\u00e9gories: au programme les saisons MotoE, Moto3 et Moto2 sont d\u00e9cortiqu\u00e9es et analys\u00e9es&#8230;<\/p>\n","protected":false},"author":930,"featured_media":5549,"comment_status":"open","ping_status":"open","sticky":false,"template":"","format":"standard","meta":{"cybocfi_hide_featured_image":"","footnotes":"","fifu_image_url":"","fifu_image_alt":"","_vp_format_video_url":"","_vp_image_focal_point":[]},"categories":[4],"tags":[],"views":396,"_links":{"self":[{"href":"https:\/\/audioactif.fr\/cqep\/wp-json\/wp\/v2\/posts\/5595"}],"collection":[{"href":"https:\/\/audioactif.fr\/cqep\/wp-json\/wp\/v2\/posts"}],"about":[{"href":"https:\/\/audioactif.fr\/cqep\/wp-json\/wp\/v2\/types\/post"}],"author":[{"embeddable":true,"href":"https:\/\/audioactif.fr\/cqep\/wp-json\/wp\/v2\/users\/930"}],"replies":[{"embeddable":true,"href":"https:\/\/audioactif.fr\/cqep\/wp-json\/wp\/v2\/comments?post=5595"}],"version-history":[{"count":0,"href":"https:\/\/audioactif.fr\/cqep\/wp-json\/wp\/v2\/posts\/5595\/revisions"}],"wp:featuredmedia":[{"embeddable":true,"href":"https:\/\/audioactif.fr\/cqep\/wp-json\/wp\/v2\/media\/5549"}],"wp:attachment":[{"href":"https:\/\/audioactif.fr\/cqep\/wp-json\/wp\/v2\/media?parent=5595"}],"wp:term":[{"taxonomy":"category","embeddable":true,"href":"https:\/\/audioactif.fr\/cqep\/wp-json\/wp\/v2\/categories?post=5595"},{"taxonomy":"post_tag","embeddable":true,"href":"https:\/\/audioactif.fr\/cqep\/wp-json\/wp\/v2\/tags?post=5595"}],"curies":[{"name":"wp","href":"https:\/\/api.w.org\/{rel}","templated":true}]}}