{"id":5558,"date":"2024-09-02T21:10:26","date_gmt":"2024-09-02T19:10:26","guid":{"rendered":"http:\/\/audioactif.fr\/cqep\/2024\/09\/02\/cqep-170-mi-saison-wsbk-2024\/"},"modified":"2024-09-02T21:10:26","modified_gmt":"2024-09-02T19:10:26","slug":"cqep-170-mi-saison-wsbk-2024","status":"publish","type":"post","link":"https:\/\/audioactif.fr\/cqep\/2024\/09\/02\/cqep-170-mi-saison-wsbk-2024\/","title":{"rendered":"CQEP &#8211; 170 &#8211; Mi-saison WSBK (2024)"},"content":{"rendered":"<p>Retrouvez St\u00e9phane, Oph\u00e9lie, Thibaut aux micros, pour cet \u00e9pisode sp\u00e9cial WorldSBK et WorldSSP.<\/p>\n<p>A la mi-saison nous revenons cette premi\u00e8re partie de saison 2024, la domination Toprak avec la BMW, mais aussi la saison impressionnante de Bulega, Bautista dans le dur compar\u00e9 \u00e0 2023, Rea qui est nul part&#8230; On parle \u00e9galement des pilotes fran\u00e7ais en SSP600 et des wild-card \u00e0 venir \u00e0 Magny-Cours d\u00e9but septembre. <\/p>\n<p>Bonne \u00e9coute et \u00e0 bient\u00f4t ! <\/p>\n<\/p>\n<p>H\u00e9berg\u00e9 par Ausha. Visitez <a href=\"https:\/\/ausha.co\/politique-de-confidentialite\">ausha.co\/politique-de-confidentialite<\/a> pour plus d&#8217;informations.<\/p>\n","protected":false},"excerpt":{"rendered":"<p>Retrouvez St\u00e9phane, Oph\u00e9lie, Thibaut aux micros, pour cet \u00e9pisode sp\u00e9cial WorldSBK et WorldSSP.<\/p>\n<p>A la mi-saison nous revenons cette premi\u00e8re partie de saison 2024, la domination Toprak avec la BMW, mais aussi la saison impressionnante de Bulega, Bauti&#8230;<\/p>\n","protected":false},"author":930,"featured_media":5549,"comment_status":"open","ping_status":"open","sticky":false,"template":"","format":"standard","meta":{"cybocfi_hide_featured_image":"","footnotes":"","fifu_image_url":"","fifu_image_alt":"","_vp_format_video_url":"","_vp_image_focal_point":[]},"categories":[4],"tags":[],"views":431,"_links":{"self":[{"href":"https:\/\/audioactif.fr\/cqep\/wp-json\/wp\/v2\/posts\/5558"}],"collection":[{"href":"https:\/\/audioactif.fr\/cqep\/wp-json\/wp\/v2\/posts"}],"about":[{"href":"https:\/\/audioactif.fr\/cqep\/wp-json\/wp\/v2\/types\/post"}],"author":[{"embeddable":true,"href":"https:\/\/audioactif.fr\/cqep\/wp-json\/wp\/v2\/users\/930"}],"replies":[{"embeddable":true,"href":"https:\/\/audioactif.fr\/cqep\/wp-json\/wp\/v2\/comments?post=5558"}],"version-history":[{"count":0,"href":"https:\/\/audioactif.fr\/cqep\/wp-json\/wp\/v2\/posts\/5558\/revisions"}],"wp:featuredmedia":[{"embeddable":true,"href":"https:\/\/audioactif.fr\/cqep\/wp-json\/wp\/v2\/media\/5549"}],"wp:attachment":[{"href":"https:\/\/audioactif.fr\/cqep\/wp-json\/wp\/v2\/media?parent=5558"}],"wp:term":[{"taxonomy":"category","embeddable":true,"href":"https:\/\/audioactif.fr\/cqep\/wp-json\/wp\/v2\/categories?post=5558"},{"taxonomy":"post_tag","embeddable":true,"href":"https:\/\/audioactif.fr\/cqep\/wp-json\/wp\/v2\/tags?post=5558"}],"curies":[{"name":"wp","href":"https:\/\/api.w.org\/{rel}","templated":true}]}}