{"id":5555,"date":"2024-07-03T07:15:08","date_gmt":"2024-07-03T05:15:08","guid":{"rendered":"http:\/\/audioactif.fr\/cqep\/2024\/07\/03\/cqep-167-la-course-motogp-dassen-2024-ned\/"},"modified":"2024-07-03T07:15:08","modified_gmt":"2024-07-03T05:15:08","slug":"cqep-167-la-course-motogp-dassen-2024-ned","status":"publish","type":"post","link":"https:\/\/audioactif.fr\/cqep\/2024\/07\/03\/cqep-167-la-course-motogp-dassen-2024-ned\/","title":{"rendered":"CQEP &#8211; 167 &#8211; La course MotoGP d&#8217;Assen 2024 (NED)"},"content":{"rendered":"<p>Bonjour \u00e0 toutes et \u00e0 tous,<\/p>\n<\/p>\n<p>Oph\u00e9lie, St\u00e9phane et Automne d\u00e9briefent le Grand Prix des Pays-Bas sur mythique circuit d&#8217;Assen.<\/p>\n<\/p>\n<p>Gros d\u00e9bat sur les transferts motogp: les signatures de Bezzecchi chez Aprilia, Vinales et Bastianini chez KTM Tech3 et Pramac qui quitte Ducati pour Yamaha<\/p>\n<\/p>\n<p>Les courses sont aussi d\u00e9brief\u00e9es avec la masterclass de Bagnaia sur son circuit pr\u00e9f\u00e9r\u00e9, Martin dans sa roue.<\/p>\n<\/p>\n<p>Marquez marque le pas, Bestia nous offre deux belles remont\u00e9es, Quartararo \u00e9trenne un nouveau moteur&#8230;<\/p>\n<\/p>\n<p>MotoE, Moto2 et Moto3 sont aussi au programme de l&#8217;\u00e9pisode<\/p>\n<\/p>\n<p>On vous retrouve tr\u00e8s vite pour le debrief du GP d&#8217;Allemagne au Sachsenring !<\/p>\n<\/p>\n<p>Bonne \u00e9coute<\/p>\n<\/p>\n<p>Twitter: @cqep_pod&nbsp;<\/p>\n<p>Discord: <a href=\"https:\/\/discord.gg\/eAG5xem&amp;nbsp\">https:\/\/discord.gg\/eAG5xem&#038;nbsp<\/a>;<\/p>\n<p>G\u00e9n\u00e9rique : \u201cRoad trip\u201d by Scott Holmes <a href=\"http:\/\/freemusicarchive.org\/music\/Scott_Holmes&amp;nbsp\">http:\/\/freemusicarchive.org\/music\/Scott_Holmes&#038;nbsp<\/a>;<\/p>\n<\/p>\n<p>H\u00e9berg\u00e9 par Ausha. Visitez <a href=\"https:\/\/ausha.co\/politique-de-confidentialite\">ausha.co\/politique-de-confidentialite<\/a> pour plus d&#8217;informations.<\/p>\n","protected":false},"excerpt":{"rendered":"<p>Bonjour \u00e0 toutes et \u00e0 tous,Oph\u00e9lie, St\u00e9phane et Automne d\u00e9briefent le Grand Prix des Pays-Bas sur mythique circuit d&#8217;Assen.Gros d\u00e9bat sur les transferts motogp: les signatures de Bezzecchi chez Aprilia, Vinales et Bastianini chez KTM Tech3 et Pramac qu&#8230;<\/p>\n","protected":false},"author":930,"featured_media":5549,"comment_status":"open","ping_status":"open","sticky":false,"template":"","format":"standard","meta":{"cybocfi_hide_featured_image":"","footnotes":"","fifu_image_url":"","fifu_image_alt":"","_vp_format_video_url":"","_vp_image_focal_point":[]},"categories":[4],"tags":[],"views":498,"_links":{"self":[{"href":"https:\/\/audioactif.fr\/cqep\/wp-json\/wp\/v2\/posts\/5555"}],"collection":[{"href":"https:\/\/audioactif.fr\/cqep\/wp-json\/wp\/v2\/posts"}],"about":[{"href":"https:\/\/audioactif.fr\/cqep\/wp-json\/wp\/v2\/types\/post"}],"author":[{"embeddable":true,"href":"https:\/\/audioactif.fr\/cqep\/wp-json\/wp\/v2\/users\/930"}],"replies":[{"embeddable":true,"href":"https:\/\/audioactif.fr\/cqep\/wp-json\/wp\/v2\/comments?post=5555"}],"version-history":[{"count":0,"href":"https:\/\/audioactif.fr\/cqep\/wp-json\/wp\/v2\/posts\/5555\/revisions"}],"wp:featuredmedia":[{"embeddable":true,"href":"https:\/\/audioactif.fr\/cqep\/wp-json\/wp\/v2\/media\/5549"}],"wp:attachment":[{"href":"https:\/\/audioactif.fr\/cqep\/wp-json\/wp\/v2\/media?parent=5555"}],"wp:term":[{"taxonomy":"category","embeddable":true,"href":"https:\/\/audioactif.fr\/cqep\/wp-json\/wp\/v2\/categories?post=5555"},{"taxonomy":"post_tag","embeddable":true,"href":"https:\/\/audioactif.fr\/cqep\/wp-json\/wp\/v2\/tags?post=5555"}],"curies":[{"name":"wp","href":"https:\/\/api.w.org\/{rel}","templated":true}]}}