{"id":5554,"date":"2024-06-19T07:43:13","date_gmt":"2024-06-19T05:43:13","guid":{"rendered":"http:\/\/audioactif.fr\/cqep\/2024\/06\/19\/cqep-entretien-emily-bondi-wwcr-2024\/"},"modified":"2024-06-19T07:43:13","modified_gmt":"2024-06-19T05:43:13","slug":"cqep-entretien-emily-bondi-wwcr-2024","status":"publish","type":"post","link":"https:\/\/audioactif.fr\/cqep\/2024\/06\/19\/cqep-entretien-emily-bondi-wwcr-2024\/","title":{"rendered":"CQEP &#8211; Entretien &#8211; Emily Bondi (WWCR &#8211; 2024)"},"content":{"rendered":"<p>Salut \u00e0 toutes et \u00e0 tous, <\/p>\n<\/p>\n<p>On retrouve Oph\u00e9lie pour un entretien avec Emily Bondi (WWCR) enregistr\u00e9 en amont du d\u00e9but du championnat f\u00e9minin mondial de vitesse. <\/p>\n<\/p>\n<p>Elle revient sur sa d\u00e9couverte du sport moto, ses d\u00e9buts en championnat de France avant son sacre et ses objectifs en WWCR. <\/p>\n<\/p>\n<p>Elle \u00e9voque \u00e9galement son entourage et plus particuli\u00e8rement son encadrement sportif avec le pilote Xavier Simeon et la structure Zelos.<\/p>\n<\/p>\n<p>Vous pouvez retrouver Emily Bondi sur Instagram. (<a href=\"https:\/\/www.instagram.com\/emilybondi414?igsh=MWU0dWttMjU1ZnZ5NQ==\">https:\/\/www.instagram.com\/emilybondi414?igsh=MWU0dWttMjU1ZnZ5NQ==<\/a>)<\/p>\n<\/p>\n<p>Bonne \u00e9coute<\/p>\n<\/p>\n<p>Twitter: @cqep_pod <\/p>\n<p>Discord: <a href=\"https:\/\/discord.gg\/eAG5xem\">https:\/\/discord.gg\/eAG5xem<\/a> <\/p>\n<p>Facebook  &#8211; YouTube <\/p>\n<p>G\u00e9n\u00e9rique : \u201cRoad trip\u201d by Scott Holmes <a href=\"http:\/\/freemusicarchive.org\/music\/Scott_Holmes\/\">http:\/\/freemusicarchive.org\/music\/Scott_Holmes\/<\/a><\/p>\n<\/p>\n<p>H\u00e9berg\u00e9 par Ausha. Visitez <a href=\"https:\/\/ausha.co\/politique-de-confidentialite\">ausha.co\/politique-de-confidentialite<\/a> pour plus d&#8217;informations.<\/p>\n","protected":false},"excerpt":{"rendered":"<p>Salut \u00e0 toutes et \u00e0 tous, On retrouve Oph\u00e9lie pour un entretien avec Emily Bondi (WWCR) enregistr\u00e9 en amont du d\u00e9but du championnat f\u00e9minin mondial de vitesse. Elle revient sur sa d\u00e9couverte du sport moto, ses d\u00e9buts en championnat de France avant son&#8230;<\/p>\n","protected":false},"author":930,"featured_media":5549,"comment_status":"open","ping_status":"open","sticky":false,"template":"","format":"standard","meta":{"cybocfi_hide_featured_image":"","footnotes":"","fifu_image_url":"","fifu_image_alt":"","_vp_format_video_url":"","_vp_image_focal_point":[]},"categories":[4],"tags":[],"views":517,"_links":{"self":[{"href":"https:\/\/audioactif.fr\/cqep\/wp-json\/wp\/v2\/posts\/5554"}],"collection":[{"href":"https:\/\/audioactif.fr\/cqep\/wp-json\/wp\/v2\/posts"}],"about":[{"href":"https:\/\/audioactif.fr\/cqep\/wp-json\/wp\/v2\/types\/post"}],"author":[{"embeddable":true,"href":"https:\/\/audioactif.fr\/cqep\/wp-json\/wp\/v2\/users\/930"}],"replies":[{"embeddable":true,"href":"https:\/\/audioactif.fr\/cqep\/wp-json\/wp\/v2\/comments?post=5554"}],"version-history":[{"count":0,"href":"https:\/\/audioactif.fr\/cqep\/wp-json\/wp\/v2\/posts\/5554\/revisions"}],"wp:featuredmedia":[{"embeddable":true,"href":"https:\/\/audioactif.fr\/cqep\/wp-json\/wp\/v2\/media\/5549"}],"wp:attachment":[{"href":"https:\/\/audioactif.fr\/cqep\/wp-json\/wp\/v2\/media?parent=5554"}],"wp:term":[{"taxonomy":"category","embeddable":true,"href":"https:\/\/audioactif.fr\/cqep\/wp-json\/wp\/v2\/categories?post=5554"},{"taxonomy":"post_tag","embeddable":true,"href":"https:\/\/audioactif.fr\/cqep\/wp-json\/wp\/v2\/tags?post=5554"}],"curies":[{"name":"wp","href":"https:\/\/api.w.org\/{rel}","templated":true}]}}