{"id":5553,"date":"2024-06-07T13:56:20","date_gmt":"2024-06-07T11:56:20","guid":{"rendered":"http:\/\/audioactif.fr\/cqep\/2024\/06\/07\/cqep-166-la-course-motogp-du-mugello-2024-ita\/"},"modified":"2024-06-07T13:56:20","modified_gmt":"2024-06-07T11:56:20","slug":"cqep-166-la-course-motogp-du-mugello-2024-ita","status":"publish","type":"post","link":"https:\/\/audioactif.fr\/cqep\/2024\/06\/07\/cqep-166-la-course-motogp-du-mugello-2024-ita\/","title":{"rendered":"CQEP &#8211; 166 &#8211; La course MotoGP du Mugello 2024 (ITA)"},"content":{"rendered":"<p>Bonjour \u00e0 toutes et \u00e0 tous,\u00a0<\/p>\n<\/p>\n<p>Olivier, St\u00e9phane et Thibaut d\u00e9briefent le Grand Prix d&#8217;Italie sur mythique circuit du Mugello<\/p>\n<\/p>\n<p>Gros d\u00e9bat sur les transferts motogp: les signatures de Martin chez Aprilia, Acosta chez KTM, et Marquez chez Ducati.<\/p>\n<\/p>\n<p>Les courses sont aussi d\u00e9brief\u00e9es avec la masterclass de Bagnaia \u00e0 domicile, le doubl\u00e9 Ducati Corse, la performance de Martn et Marquez.<\/p>\n<\/p>\n<p>MotoE, Moto2 et Moto3 sont aussi au programme de l&#8217;\u00e9pisode<\/p>\n<\/p>\n<p>On vous retrouve tr\u00e8s vite pour le debrief du GP des Pays-Bas \u00e0 Assen !<\/p>\n<\/p>\n<p>Bonne \u00e9coute<br \/>Twitter: <a href=\"https:\/\/twitter.com\/cqep_pod\">@cqep_pod<\/a>\u00a0<\/p>\n<\/p>\n<p>Discord: <a href=\"https:\/\/discord.gg\/eAG5xem\">https:\/\/discord.gg\/eAG5xem<\/a>\u00a0<\/p>\n<\/p>\n<p>G\u00e9n\u00e9rique : \u201cRoad trip\u201d by Scott Holmes <a href=\"http:\/\/freemusicarchive.org\/music\/Scott_Holmes\">http:\/\/freemusicarchive.org\/music\/Scott_Holmes<\/a>\u00a0<\/p>\n<\/p>\n<p>H\u00e9berg\u00e9 par Ausha. Visitez <a href=\"https:\/\/ausha.co\/politique-de-confidentialite\">ausha.co\/politique-de-confidentialite<\/a> pour plus d&#8217;informations.<\/p>\n","protected":false},"excerpt":{"rendered":"<p>Bonjour \u00e0 toutes et \u00e0 tous,\u00a0Olivier, St\u00e9phane et Thibaut d\u00e9briefent le Grand Prix d&#8217;Italie sur mythique circuit du MugelloGros d\u00e9bat sur les transferts motogp: les signatures de Martin chez Aprilia, Acosta chez KTM, et Marquez chez Ducati.Les courses s&#8230;<\/p>\n","protected":false},"author":930,"featured_media":5549,"comment_status":"open","ping_status":"open","sticky":false,"template":"","format":"standard","meta":{"cybocfi_hide_featured_image":"","footnotes":"","fifu_image_url":"","fifu_image_alt":"","_vp_format_video_url":"","_vp_image_focal_point":[]},"categories":[4],"tags":[],"views":577,"_links":{"self":[{"href":"https:\/\/audioactif.fr\/cqep\/wp-json\/wp\/v2\/posts\/5553"}],"collection":[{"href":"https:\/\/audioactif.fr\/cqep\/wp-json\/wp\/v2\/posts"}],"about":[{"href":"https:\/\/audioactif.fr\/cqep\/wp-json\/wp\/v2\/types\/post"}],"author":[{"embeddable":true,"href":"https:\/\/audioactif.fr\/cqep\/wp-json\/wp\/v2\/users\/930"}],"replies":[{"embeddable":true,"href":"https:\/\/audioactif.fr\/cqep\/wp-json\/wp\/v2\/comments?post=5553"}],"version-history":[{"count":0,"href":"https:\/\/audioactif.fr\/cqep\/wp-json\/wp\/v2\/posts\/5553\/revisions"}],"wp:featuredmedia":[{"embeddable":true,"href":"https:\/\/audioactif.fr\/cqep\/wp-json\/wp\/v2\/media\/5549"}],"wp:attachment":[{"href":"https:\/\/audioactif.fr\/cqep\/wp-json\/wp\/v2\/media?parent=5553"}],"wp:term":[{"taxonomy":"category","embeddable":true,"href":"https:\/\/audioactif.fr\/cqep\/wp-json\/wp\/v2\/categories?post=5553"},{"taxonomy":"post_tag","embeddable":true,"href":"https:\/\/audioactif.fr\/cqep\/wp-json\/wp\/v2\/tags?post=5553"}],"curies":[{"name":"wp","href":"https:\/\/api.w.org\/{rel}","templated":true}]}}