{"id":5552,"date":"2024-05-30T17:54:02","date_gmt":"2024-05-30T15:54:02","guid":{"rendered":"http:\/\/audioactif.fr\/cqep\/2024\/05\/30\/cqep-165-la-course-motogp-de-barcelone-2024-cat\/"},"modified":"2024-05-30T17:54:02","modified_gmt":"2024-05-30T15:54:02","slug":"cqep-165-la-course-motogp-de-barcelone-2024-cat","status":"publish","type":"post","link":"https:\/\/audioactif.fr\/cqep\/2024\/05\/30\/cqep-165-la-course-motogp-de-barcelone-2024-cat\/","title":{"rendered":"CQEP &#8211; 165 &#8211; La course MotoGP de Barcelone 2024 (CAT)"},"content":{"rendered":"<p>Bonjour \u00e0 toutes et \u00e0 tous,\u00a0<\/p>\n<\/p>\n<p>Oph\u00e9lie, Fran\u00e7ois et Automne d\u00e9briefent le Grand Prix de Catalogne au circuit Montmelo pr\u00e8s de Barcelone.<\/p>\n<\/p>\n<p>Aleix Espargaro annonce sa retraite et signe la pole et victoire en Sprint alors qu&#8217;en course Martin, Bagnaia et Marquez marquent le coup devant un Acosta un peu tendre et sujet \u00e0 erreurs.<br \/>Quartararo montre des choses alors que pour Zarco le week-end a \u00e9t\u00e9 plus compliqu\u00e9.<\/p>\n<\/p>\n<p>MotoE, Moto2 et Moto3 sont aussi au programme de l&#8217;\u00e9pisode<\/p>\n<\/p>\n<p>On vous retrouve tr\u00e8s vite pour le debrief du GP d&#8217;Italie au Mugello !<\/p>\n<\/p>\n<p>Bonne \u00e9coute<br \/>Twitter: <a href=\"https:\/\/twitter.com\/cqep_pod\">@cqep_pod<\/a>\u00a0<\/p>\n<\/p>\n<p>Discord: <a href=\"https:\/\/discord.gg\/eAG5xem\">https:\/\/discord.gg\/eAG5xem<\/a>\u00a0<\/p>\n<\/p>\n<p>G\u00e9n\u00e9rique : \u201cRoad trip\u201d by Scott Holmes <a href=\"http:\/\/freemusicarchive.org\/music\/Scott_Holmes\">http:\/\/freemusicarchive.org\/music\/Scott_Holmes<\/a>\u00a0<\/p>\n<\/p>\n<p>H\u00e9berg\u00e9 par Ausha. Visitez <a href=\"https:\/\/ausha.co\/politique-de-confidentialite\">ausha.co\/politique-de-confidentialite<\/a> pour plus d&#8217;informations.<\/p>\n","protected":false},"excerpt":{"rendered":"<p>Bonjour \u00e0 toutes et \u00e0 tous,\u00a0Oph\u00e9lie, Fran\u00e7ois et Automne d\u00e9briefent le Grand Prix de Catalogne au circuit Montmelo pr\u00e8s de Barcelone.Aleix Espargaro annonce sa retraite et signe la pole et victoire en Sprint alors qu&#8217;en course Martin, Bagnaia et Marque&#8230;<\/p>\n","protected":false},"author":930,"featured_media":5549,"comment_status":"open","ping_status":"open","sticky":false,"template":"","format":"standard","meta":{"cybocfi_hide_featured_image":"","footnotes":"","fifu_image_url":"","fifu_image_alt":"","_vp_format_video_url":"","_vp_image_focal_point":[]},"categories":[4],"tags":[],"views":549,"_links":{"self":[{"href":"https:\/\/audioactif.fr\/cqep\/wp-json\/wp\/v2\/posts\/5552"}],"collection":[{"href":"https:\/\/audioactif.fr\/cqep\/wp-json\/wp\/v2\/posts"}],"about":[{"href":"https:\/\/audioactif.fr\/cqep\/wp-json\/wp\/v2\/types\/post"}],"author":[{"embeddable":true,"href":"https:\/\/audioactif.fr\/cqep\/wp-json\/wp\/v2\/users\/930"}],"replies":[{"embeddable":true,"href":"https:\/\/audioactif.fr\/cqep\/wp-json\/wp\/v2\/comments?post=5552"}],"version-history":[{"count":0,"href":"https:\/\/audioactif.fr\/cqep\/wp-json\/wp\/v2\/posts\/5552\/revisions"}],"wp:featuredmedia":[{"embeddable":true,"href":"https:\/\/audioactif.fr\/cqep\/wp-json\/wp\/v2\/media\/5549"}],"wp:attachment":[{"href":"https:\/\/audioactif.fr\/cqep\/wp-json\/wp\/v2\/media?parent=5552"}],"wp:term":[{"taxonomy":"category","embeddable":true,"href":"https:\/\/audioactif.fr\/cqep\/wp-json\/wp\/v2\/categories?post=5552"},{"taxonomy":"post_tag","embeddable":true,"href":"https:\/\/audioactif.fr\/cqep\/wp-json\/wp\/v2\/tags?post=5552"}],"curies":[{"name":"wp","href":"https:\/\/api.w.org\/{rel}","templated":true}]}}