{"id":5551,"date":"2024-05-20T13:33:26","date_gmt":"2024-05-20T11:33:26","guid":{"rendered":"http:\/\/audioactif.fr\/cqep\/2024\/05\/20\/cqep-164-les-24h-du-mans-moto-2024\/"},"modified":"2024-05-20T13:33:26","modified_gmt":"2024-05-20T11:33:26","slug":"cqep-164-les-24h-du-mans-moto-2024","status":"publish","type":"post","link":"https:\/\/audioactif.fr\/cqep\/2024\/05\/20\/cqep-164-les-24h-du-mans-moto-2024\/","title":{"rendered":"CQEP &#8211; 164 &#8211; Les 24h du Mans Moto 2024"},"content":{"rendered":"<p>Bonjour \u00e0 toutes et \u00e0 tous,\u00a0<\/p>\n<\/p>\n<p>Oph\u00e9lie et Fran\u00e7ois d\u00e9briefent les 24h du Mans moto au circuit Bugatti au Mans.<\/p>\n<\/p>\n<p>Le duel entre le SERT et le YART, des conditions de piste compliqu\u00e9es, de multiples abandons et la determination des teams, nous revenons sur les sujets qui font le coeur de cette \u00e9dition 2024.<\/p>\n<\/p>\n<p>La victoire du SERT qui, ils l&#8217;esp\u00e8rent, n&#8217;est que le d\u00e9but d&#8217;une longue s\u00e9rie, nous est racont\u00e9e par Dan Linfoot, Gregg Black &amp; Etienne Masson. <\/p>\n<\/p>\n<p>L&#8217;endurance est une discipline sans merci, qui pousse parfois les teams \u00e0 devoir rendre les armes avant la fin de course. C&#8217;est le cas cette ann\u00e9e pour le team Tecmas, et Loic Arbel, pilote d&#8217;endurance et pr\u00e9sent en superbike en FSBK revient sur ce week-end compliqu\u00e9 pour le team.<\/p>\n<\/p>\n<p>On vous retrouve tr\u00e8s vite pour le debrief du GP de Catalogne pr\u00e8s de Barcelone.<\/p>\n<\/p>\n<p>Bonne \u00e9coute<br \/>Twitter: <a href=\"https:\/\/twitter.com\/cqep_pod\">@cqep_pod<\/a>\u00a0<\/p>\n<\/p>\n<p>Discord: <a href=\"https:\/\/discord.gg\/eAG5xem\">https:\/\/discord.gg\/eAG5xem<\/a>\u00a0<\/p>\n<\/p>\n<p>Instagram :  <\/p>\n<\/p>\n<p><a href=\"https:\/\/www.instagram.com\/loicarbel\/?utm_source=ig_web_button_share_sheet\">Loic Arbel<\/a><\/p>\n<p><a href=\"https:\/\/www.instagram.com\/tecmas_racing_team?utm_source=ig_web_button_share_sheet&amp;igsh=ZDNlZDc0MzIxNw==\">Team Tecmas<\/a><\/p>\n<p><a href=\"https:\/\/www.instagram.com\/etiennemasson155?utm_source=ig_web_button_share_sheet&amp;igsh=ZDNlZDc0MzIxNw==\">Etienne Masson<\/a><\/p>\n<p><a href=\"https:\/\/www.instagram.com\/greggblack16?utm_source=ig_web_button_share_sheet&amp;igsh=ZDNlZDc0MzIxNw==\">Gregg Black<\/a><\/p>\n<p><a href=\"https:\/\/www.instagram.com\/danlinfoot?utm_source=ig_web_button_share_sheet&amp;igsh=ZDNlZDc0MzIxNw==\">Dan Linfoot<\/a><\/p>\n<p><a href=\"https:\/\/www.instagram.com\/yoshimura_sert_motul_official?utm_source=ig_web_button_share_sheet&amp;igsh=ZDNlZDc0MzIxNw==\">Team SERT<\/a><\/p>\n<\/p>\n<p>G\u00e9n\u00e9rique : \u201cRoad trip\u201d by Scott Holmes <a href=\"http:\/\/freemusicarchive.org\/music\/Scott_Holmes\">http:\/\/freemusicarchive.org\/music\/Scott_Holmes<\/a>\u00a0<\/p>\n<p>H\u00e9berg\u00e9 par Ausha.<\/p>\n<\/p>\n<p>H\u00e9berg\u00e9 par Ausha. Visitez <a href=\"https:\/\/ausha.co\/politique-de-confidentialite\">ausha.co\/politique-de-confidentialite<\/a> pour plus d&#8217;informations.<\/p>\n","protected":false},"excerpt":{"rendered":"<p>Bonjour \u00e0 toutes et \u00e0 tous,\u00a0Oph\u00e9lie et Fran\u00e7ois d\u00e9briefent les 24h du Mans moto au circuit Bugatti au Mans.Le duel entre le SERT et le YART, des conditions de piste compliqu\u00e9es, de multiples abandons et la determination des teams, nous revenons sur les&#8230;<\/p>\n","protected":false},"author":930,"featured_media":5549,"comment_status":"open","ping_status":"open","sticky":false,"template":"","format":"standard","meta":{"cybocfi_hide_featured_image":"","footnotes":"","fifu_image_url":"","fifu_image_alt":"","_vp_format_video_url":"","_vp_image_focal_point":[]},"categories":[4],"tags":[],"views":627,"_links":{"self":[{"href":"https:\/\/audioactif.fr\/cqep\/wp-json\/wp\/v2\/posts\/5551"}],"collection":[{"href":"https:\/\/audioactif.fr\/cqep\/wp-json\/wp\/v2\/posts"}],"about":[{"href":"https:\/\/audioactif.fr\/cqep\/wp-json\/wp\/v2\/types\/post"}],"author":[{"embeddable":true,"href":"https:\/\/audioactif.fr\/cqep\/wp-json\/wp\/v2\/users\/930"}],"replies":[{"embeddable":true,"href":"https:\/\/audioactif.fr\/cqep\/wp-json\/wp\/v2\/comments?post=5551"}],"version-history":[{"count":0,"href":"https:\/\/audioactif.fr\/cqep\/wp-json\/wp\/v2\/posts\/5551\/revisions"}],"wp:featuredmedia":[{"embeddable":true,"href":"https:\/\/audioactif.fr\/cqep\/wp-json\/wp\/v2\/media\/5549"}],"wp:attachment":[{"href":"https:\/\/audioactif.fr\/cqep\/wp-json\/wp\/v2\/media?parent=5551"}],"wp:term":[{"taxonomy":"category","embeddable":true,"href":"https:\/\/audioactif.fr\/cqep\/wp-json\/wp\/v2\/categories?post=5551"},{"taxonomy":"post_tag","embeddable":true,"href":"https:\/\/audioactif.fr\/cqep\/wp-json\/wp\/v2\/tags?post=5551"}],"curies":[{"name":"wp","href":"https:\/\/api.w.org\/{rel}","templated":true}]}}