{"id":5550,"date":"2024-05-16T12:49:24","date_gmt":"2024-05-16T10:49:24","guid":{"rendered":"http:\/\/audioactif.fr\/cqep\/2024\/05\/16\/cqep-163-la-course-motogp-du-mans-2024-fra\/"},"modified":"2024-05-16T12:49:24","modified_gmt":"2024-05-16T10:49:24","slug":"cqep-163-la-course-motogp-du-mans-2024-fra","status":"publish","type":"post","link":"https:\/\/audioactif.fr\/cqep\/2024\/05\/16\/cqep-163-la-course-motogp-du-mans-2024-fra\/","title":{"rendered":"CQEP &#8211; 163 &#8211; La course MotoGP du Mans 2024 (FRA)"},"content":{"rendered":"<p>Bonjour \u00e0 toutes et \u00e0 tous,\u00a0<\/p>\n<\/p>\n<p>Oph\u00e9lie, Pierre et Thibaut d\u00e9briefent le Grand Prix de France au circuit Bugatti au Mans.<\/p>\n<\/p>\n<p>La domination de Martin, la performance de Marquez, la r\u00e9silience de Pecco, sans oublier la superbe prestation de Quartararo, la premi\u00e8re chute d&#8217;Acosta et le week-end de Zarco, nous revenons en long et en large sur les courses MotoGP.<\/p>\n<\/p>\n<p>En Moto2, nous devisons de la domination des Boscoscuro en plus du debrief de course et en Moto3, le duel Holgado\/Alonso nous a encore tenu en haleine.<br \/>Le MotoE n&#8217;est pas en reste et \u00e0 le droit \u00e0 son d\u00e9bat \u00e9galement avec de belles courses \u00e0 la cl\u00e9.<\/p>\n<\/p>\n<p>On vous retrouve tr\u00e8s vite pour le debrief du GP de Catalogne pr\u00e8s de Barcelone.<\/p>\n<\/p>\n<p>Bonne \u00e9coute<br \/>Twitter: <a href=\"https:\/\/twitter.com\/cqep_pod\">@cqep_pod<\/a>\u00a0<\/p>\n<\/p>\n<p>Discord: <a href=\"https:\/\/discord.gg\/eAG5xem\">https:\/\/discord.gg\/eAG5xem<\/a>\u00a0<\/p>\n<\/p>\n<p>G\u00e9n\u00e9rique : \u201cRoad trip\u201d by Scott Holmes <a href=\"http:\/\/freemusicarchive.org\/music\/Scott_Holmes\">http:\/\/freemusicarchive.org\/music\/Scott_Holmes<\/a>\u00a0<\/p>\n<p>H\u00e9berg\u00e9 par Ausha.<\/p>\n<\/p>\n<p>H\u00e9berg\u00e9 par Ausha. Visitez <a href=\"https:\/\/ausha.co\/politique-de-confidentialite\">ausha.co\/politique-de-confidentialite<\/a> pour plus d&#8217;informations.<\/p>\n","protected":false},"excerpt":{"rendered":"<p>Bonjour \u00e0 toutes et \u00e0 tous,\u00a0Oph\u00e9lie, Pierre et Thibaut d\u00e9briefent le Grand Prix de France au circuit Bugatti au Mans.La domination de Martin, la performance de Marquez, la r\u00e9silience de Pecco, sans oublier la superbe prestation de Quartararo, la premi\u00e8&#8230;<\/p>\n","protected":false},"author":930,"featured_media":5549,"comment_status":"open","ping_status":"open","sticky":false,"template":"","format":"standard","meta":{"cybocfi_hide_featured_image":"","footnotes":"","fifu_image_url":"","fifu_image_alt":"","_vp_format_video_url":"","_vp_image_focal_point":[]},"categories":[4],"tags":[],"views":594,"_links":{"self":[{"href":"https:\/\/audioactif.fr\/cqep\/wp-json\/wp\/v2\/posts\/5550"}],"collection":[{"href":"https:\/\/audioactif.fr\/cqep\/wp-json\/wp\/v2\/posts"}],"about":[{"href":"https:\/\/audioactif.fr\/cqep\/wp-json\/wp\/v2\/types\/post"}],"author":[{"embeddable":true,"href":"https:\/\/audioactif.fr\/cqep\/wp-json\/wp\/v2\/users\/930"}],"replies":[{"embeddable":true,"href":"https:\/\/audioactif.fr\/cqep\/wp-json\/wp\/v2\/comments?post=5550"}],"version-history":[{"count":0,"href":"https:\/\/audioactif.fr\/cqep\/wp-json\/wp\/v2\/posts\/5550\/revisions"}],"wp:featuredmedia":[{"embeddable":true,"href":"https:\/\/audioactif.fr\/cqep\/wp-json\/wp\/v2\/media\/5549"}],"wp:attachment":[{"href":"https:\/\/audioactif.fr\/cqep\/wp-json\/wp\/v2\/media?parent=5550"}],"wp:term":[{"taxonomy":"category","embeddable":true,"href":"https:\/\/audioactif.fr\/cqep\/wp-json\/wp\/v2\/categories?post=5550"},{"taxonomy":"post_tag","embeddable":true,"href":"https:\/\/audioactif.fr\/cqep\/wp-json\/wp\/v2\/tags?post=5550"}],"curies":[{"name":"wp","href":"https:\/\/api.w.org\/{rel}","templated":true}]}}