{"id":5548,"date":"2024-05-07T08:00:35","date_gmt":"2024-05-07T06:00:35","guid":{"rendered":"https:\/\/audioactif.fr\/cqep\/2024\/05\/07\/cqep-162-la-course-motogp-de-jerez-2024-esp\/"},"modified":"2024-05-07T08:00:35","modified_gmt":"2024-05-07T06:00:35","slug":"cqep-162-la-course-motogp-de-jerez-2024-esp","status":"publish","type":"post","link":"https:\/\/audioactif.fr\/cqep\/2024\/05\/07\/cqep-162-la-course-motogp-de-jerez-2024-esp\/","title":{"rendered":"CQEP &#8211; 162 &#8211; La course MotoGP de Jerez 2024 (ESP)"},"content":{"rendered":"<p>Bonjour \u00e0 toutes et \u00e0 tous,\u00a0<\/p>\n<\/p>\n<p>Oph\u00e9lie, Automne et K\u00e9vin (LBAC) d\u00e9briefent le Grand Prix d&#8217;Espagne \u00e0 Jerez.<\/p>\n<\/p>\n<p>La victoire sans appel de Bagnaia apr\u00e8s un duel au sommet contre un Marc Marquez de retour au plus haut, un Martin fragilis\u00e9, et des week-end plus compliqu\u00e9 pour Vi\u00f1ales ou encore Acosta ainsi qu&#8217;un podium (retir\u00e9) \u00e0 Fabio Quartararo dans une course Sprint o\u00f9 il fallait rester sur ces roues avant tout&#8230;<\/p>\n<\/p>\n<p>Retour aussi sur la victoire d&#8217;Aldeguer en Moto2 et Veijer en Moto3 ainsi que les 24h du Mans en EWC et le FSBK !<\/p>\n<\/p>\n<p>On vous retrouve tr\u00e8s vite pour le debrief du GP de France au Mans.<\/p>\n<\/p>\n<p>Bonne \u00e9coute<br \/>Twitter: <a href=\"https:\/\/twitter.com\/cqep_pod\">@cqep_pod<\/a>\u00a0<\/p>\n<\/p>\n<p>Discord: <a href=\"https:\/\/discord.gg\/eAG5xem\">https:\/\/discord.gg\/eAG5xem<\/a>\u00a0<\/p>\n<\/p>\n<p>G\u00e9n\u00e9rique : \u201cRoad trip\u201d by Scott Holmes <a href=\"http:\/\/freemusicarchive.org\/music\/Scott_Holmes\">http:\/\/freemusicarchive.org\/music\/Scott_Holmes<\/a>\u00a0<\/p>\n<p>H\u00e9berg\u00e9 par Ausha. <\/p>\n<\/p>\n<p>H\u00e9berg\u00e9 par Ausha. Visitez <a href=\"https:\/\/ausha.co\/politique-de-confidentialite\">ausha.co\/politique-de-confidentialite<\/a> pour plus d&#8217;informations.<\/p>\n","protected":false},"excerpt":{"rendered":"<p>Bonjour \u00e0 toutes et \u00e0 tous,\u00a0Oph\u00e9lie, Automne et K\u00e9vin (LBAC) d\u00e9briefent le Grand Prix d&#8217;Espagne \u00e0 Jerez.La victoire sans appel de Bagnaia apr\u00e8s un duel au sommet contre un Marc Marquez de retour au plus haut, un Martin fragilis\u00e9, et des week-end plus c&#8230;<\/p>\n","protected":false},"author":930,"featured_media":5549,"comment_status":"open","ping_status":"open","sticky":false,"template":"","format":"standard","meta":{"cybocfi_hide_featured_image":"","footnotes":"","fifu_image_url":"","fifu_image_alt":"","_vp_format_video_url":"","_vp_image_focal_point":[]},"categories":[4],"tags":[],"views":547,"_links":{"self":[{"href":"https:\/\/audioactif.fr\/cqep\/wp-json\/wp\/v2\/posts\/5548"}],"collection":[{"href":"https:\/\/audioactif.fr\/cqep\/wp-json\/wp\/v2\/posts"}],"about":[{"href":"https:\/\/audioactif.fr\/cqep\/wp-json\/wp\/v2\/types\/post"}],"author":[{"embeddable":true,"href":"https:\/\/audioactif.fr\/cqep\/wp-json\/wp\/v2\/users\/930"}],"replies":[{"embeddable":true,"href":"https:\/\/audioactif.fr\/cqep\/wp-json\/wp\/v2\/comments?post=5548"}],"version-history":[{"count":0,"href":"https:\/\/audioactif.fr\/cqep\/wp-json\/wp\/v2\/posts\/5548\/revisions"}],"wp:featuredmedia":[{"embeddable":true,"href":"https:\/\/audioactif.fr\/cqep\/wp-json\/wp\/v2\/media\/5549"}],"wp:attachment":[{"href":"https:\/\/audioactif.fr\/cqep\/wp-json\/wp\/v2\/media?parent=5548"}],"wp:term":[{"taxonomy":"category","embeddable":true,"href":"https:\/\/audioactif.fr\/cqep\/wp-json\/wp\/v2\/categories?post=5548"},{"taxonomy":"post_tag","embeddable":true,"href":"https:\/\/audioactif.fr\/cqep\/wp-json\/wp\/v2\/tags?post=5548"}],"curies":[{"name":"wp","href":"https:\/\/api.w.org\/{rel}","templated":true}]}}