{"id":5543,"date":"2024-04-01T12:51:13","date_gmt":"2024-04-01T10:51:13","guid":{"rendered":"http:\/\/audioactif.fr\/cqep\/2024\/04\/01\/cqep-160-motogp-du-portugal-2024\/"},"modified":"2024-04-01T12:51:13","modified_gmt":"2024-04-01T10:51:13","slug":"cqep-160-motogp-du-portugal-2024","status":"publish","type":"post","link":"https:\/\/audioactif.fr\/cqep\/2024\/04\/01\/cqep-160-motogp-du-portugal-2024\/","title":{"rendered":"CQEP &#8211; 160 &#8211; MotoGP du Portugal 2024"},"content":{"rendered":"<p>Salut \u00e0 toutes et \u00e0 tous,\u00a0<\/p>\n<\/p>\n<p>Pierre, Thibaut et Olivier d\u00e9briefent le deuxi\u00e8me week-end de courses de la saison 2024.<\/p>\n<p>Le retour du MotoE, la r\u00e9velation Acosta, la bonne forme de Vinales et Bastianini, la classe de Martin, l&#8217;accrochage Bagnaia\/Marquez, la victoire de Canet en Moto2, les sujets de discussions ne manquent pas et les avis divergent \ud83d\ude42<\/p>\n<\/p>\n<p>A tr\u00e8s vite pour le d\u00e9brief du GP des Am\u00e9riques<\/p>\n<\/p>\n<p>Bonne \u00e9coute<br \/> Twitter: <a href=\"https:\/\/twitter.com\/cqep_pod\">@cqep_pod<\/a>\u00a0<\/p>\n<\/p>\n<p>Discord: <a href=\"https:\/\/discord.gg\/eAG5xem\">https:\/\/discord.gg\/eAG5xem<\/a>\u00a0<\/p>\n<\/p>\n<p>G\u00e9n\u00e9rique : \u201cRoad trip\u201d by Scott Holmes <a href=\"http:\/\/freemusicarchive.org\/music\/Scott_Holmes\">http:\/\/freemusicarchive.org\/music\/Scott_Holmes<\/a>\u00a0<\/p>\n","protected":false},"excerpt":{"rendered":"<p>Salut \u00e0 toutes et \u00e0 tous,\u00a0Pierre, Thibaut et Olivier d\u00e9briefent le deuxi\u00e8me week-end de courses de la saison 2024.Le retour du MotoE, la r\u00e9velation Acosta, la bonne forme de Vinales et Bastianini, la classe de Martin, l&#8217;accrochage Bagnaia\/Marquez, la v&#8230;<\/p>\n","protected":false},"author":930,"featured_media":5162,"comment_status":"open","ping_status":"open","sticky":false,"template":"","format":"standard","meta":{"cybocfi_hide_featured_image":"","footnotes":"","fifu_image_url":"","fifu_image_alt":"","_vp_format_video_url":"","_vp_image_focal_point":[]},"categories":[4],"tags":[],"views":545,"_links":{"self":[{"href":"https:\/\/audioactif.fr\/cqep\/wp-json\/wp\/v2\/posts\/5543"}],"collection":[{"href":"https:\/\/audioactif.fr\/cqep\/wp-json\/wp\/v2\/posts"}],"about":[{"href":"https:\/\/audioactif.fr\/cqep\/wp-json\/wp\/v2\/types\/post"}],"author":[{"embeddable":true,"href":"https:\/\/audioactif.fr\/cqep\/wp-json\/wp\/v2\/users\/930"}],"replies":[{"embeddable":true,"href":"https:\/\/audioactif.fr\/cqep\/wp-json\/wp\/v2\/comments?post=5543"}],"version-history":[{"count":0,"href":"https:\/\/audioactif.fr\/cqep\/wp-json\/wp\/v2\/posts\/5543\/revisions"}],"wp:featuredmedia":[{"embeddable":true,"href":"https:\/\/audioactif.fr\/cqep\/wp-json\/wp\/v2\/media\/5162"}],"wp:attachment":[{"href":"https:\/\/audioactif.fr\/cqep\/wp-json\/wp\/v2\/media?parent=5543"}],"wp:term":[{"taxonomy":"category","embeddable":true,"href":"https:\/\/audioactif.fr\/cqep\/wp-json\/wp\/v2\/categories?post=5543"},{"taxonomy":"post_tag","embeddable":true,"href":"https:\/\/audioactif.fr\/cqep\/wp-json\/wp\/v2\/tags?post=5543"}],"curies":[{"name":"wp","href":"https:\/\/api.w.org\/{rel}","templated":true}]}}