{"id":5480,"date":"2023-07-05T16:38:46","date_gmt":"2023-07-05T14:38:46","guid":{"rendered":"http:\/\/audioactif.fr\/cqep\/2023\/07\/05\/cqep-hors-serie-l-art72-aux-23h60\/"},"modified":"2023-08-07T11:07:05","modified_gmt":"2023-08-07T09:07:05","slug":"cqep-hors-serie-l-art72-aux-23h60","status":"publish","type":"post","link":"https:\/\/audioactif.fr\/cqep\/2023\/07\/05\/cqep-hors-serie-l-art72-aux-23h60\/","title":{"rendered":"CQEP &#8211; Hors S\u00e9rie &#8211; l&#8217; ART72 aux 23h60"},"content":{"rendered":"<p>Salut \u00e0 toutes et \u00e0 tous,\u00a0<\/p>\n<p><\/p>\n<p>On se retrouve pour un \u00e9pisode Hors S\u00e9rie qu&#8217;Oph\u00e9lie a enregistr\u00e9 avec Fran\u00e7ois le &#8220;Team Manager&#8221; de l&#8217;\u00e9quipe ART72 qui engage 2 motos pour la course d&#8217;endurance des 23h60 qui va se courir du 14 au 16 juillet sur le Circuit International de Karting du Mans.<\/p>\n<p><\/p>\n<p>Au programme, la pr\u00e9sentation de l&#8217;\u00e9quipe, des pilotes, les sp\u00e9cificit\u00e9s d&#8217;un groupe qui combine engagement associatif, performance sportive et coh\u00e9sion.<\/p>\n<p><\/p>\n<p>Fran\u00e7ois revient sur l&#8217;engagement de l&#8217;\u00e9quipe en 2022, la poursuite du projet et surtout la nouvelle dimension prise par l&#8217;ART72 qui engagera 2 motos en 2023.<\/p>\n<p><\/p>\n<p>Retrouvez l&#8217;ART72 (Apprentis Racing Team 72) sur <a href=\"https:\/\/www.facebook.com\/Apprentisracingteam72\/\">Facebook<\/a> , <a href=\"https:\/\/www.instagram.com\/apprentisracingt72\/?hl=en\">Instagram<\/a> \u00a0et bien s\u00fbr durant la course !<\/p>\n<p><\/p>\n<p><\/p>\n<p>Bonne \u00e9coute<\/p>\n<p><iframe name=\"Ausha Podcast Player\" frameborder=\"0\" loading=\"lazy\" id=\"ausha-Dk4C\" height=\"220\" style=\"border: none; width:100%; height:220px\" src=\"https:\/\/player.ausha.co\/index.html?podcastId=BNA2TnKJ0krb&#038;playlist=false&#038;color=%2372238e&#038;v=3&#038;playerId=ausha-Dk4C\"><\/iframe><script src=\"https:\/\/player.ausha.co\/ausha-player.js\"><\/script><\/p>\n<p>Twitter: &lt;a href=&quot;https:\/\/twitter.com\/cqep_pod&quot; title=&quot;<span data-offset-key=\"eqnao-1-0\" style=\"margin: 0px\"><span data-text=\"true\" style=\"margin: 0px\">@cqep_pod<\/span><\/span>&#8220;&gt;@cqep_pod<\/a>\u00a0<\/p>\n<p>Discord: &lt;a href=&quot;https:\/\/discord.gg\/eAG5xem&quot; title=&quot;<span data-offset-key=\"5fkmb-1-0\" style=\"margin: 0px\"><span data-text=\"true\" style=\"margin: 0px\">https:\/\/discord.gg\/eAG5xem<\/span><\/span>&#8220;&gt;https:\/\/discord.gg\/eAG5xem<\/a>\u00a0<\/p>\n<p>G\u00e9n\u00e9rique : \u201cRoad trip\u201d by Scott Holmes http:\/\/freemusicarchive.org\/music\/Scott_Holmes\/<\/p>\n","protected":false},"excerpt":{"rendered":"<p>Salut \u00e0 toutes et \u00e0 tous,\u00a0<\/p>\n<p>On se retrouve pour un \u00e9pisode Hors S\u00e9rie qu&#8217;Oph\u00e9lie a enregistr\u00e9 avec Fran\u00e7ois le &#8220;Team Manager&#8221; de l&#8217;\u00e9quipe ART72 qui engage 2 motos pour la course d&#8217;endurance des 23h60 qui va se courir du 14 au 16 juillet sur le Circuit&#8230;<\/p>\n","protected":false},"author":930,"featured_media":5162,"comment_status":"open","ping_status":"open","sticky":false,"template":"","format":"standard","meta":{"cybocfi_hide_featured_image":"","footnotes":"","fifu_image_url":"","fifu_image_alt":"","_vp_format_video_url":"","_vp_image_focal_point":[]},"categories":[4],"tags":[],"views":1217,"_links":{"self":[{"href":"https:\/\/audioactif.fr\/cqep\/wp-json\/wp\/v2\/posts\/5480"}],"collection":[{"href":"https:\/\/audioactif.fr\/cqep\/wp-json\/wp\/v2\/posts"}],"about":[{"href":"https:\/\/audioactif.fr\/cqep\/wp-json\/wp\/v2\/types\/post"}],"author":[{"embeddable":true,"href":"https:\/\/audioactif.fr\/cqep\/wp-json\/wp\/v2\/users\/930"}],"replies":[{"embeddable":true,"href":"https:\/\/audioactif.fr\/cqep\/wp-json\/wp\/v2\/comments?post=5480"}],"version-history":[{"count":1,"href":"https:\/\/audioactif.fr\/cqep\/wp-json\/wp\/v2\/posts\/5480\/revisions"}],"predecessor-version":[{"id":5495,"href":"https:\/\/audioactif.fr\/cqep\/wp-json\/wp\/v2\/posts\/5480\/revisions\/5495"}],"wp:featuredmedia":[{"embeddable":true,"href":"https:\/\/audioactif.fr\/cqep\/wp-json\/wp\/v2\/media\/5162"}],"wp:attachment":[{"href":"https:\/\/audioactif.fr\/cqep\/wp-json\/wp\/v2\/media?parent=5480"}],"wp:term":[{"taxonomy":"category","embeddable":true,"href":"https:\/\/audioactif.fr\/cqep\/wp-json\/wp\/v2\/categories?post=5480"},{"taxonomy":"post_tag","embeddable":true,"href":"https:\/\/audioactif.fr\/cqep\/wp-json\/wp\/v2\/tags?post=5480"}],"curies":[{"name":"wp","href":"https:\/\/api.w.org\/{rel}","templated":true}]}}