{"id":5420,"date":"2022-09-27T21:24:05","date_gmt":"2022-09-27T19:24:05","guid":{"rendered":"http:\/\/audioactif.fr\/cqep\/2022\/09\/27\/cqep-126-la-course-motogp-de-motegi-jap\/"},"modified":"2022-10-03T10:11:03","modified_gmt":"2022-10-03T08:11:03","slug":"cqep-126-la-course-motogp-de-motegi-jap","status":"publish","type":"post","link":"https:\/\/audioactif.fr\/cqep\/2022\/09\/27\/cqep-126-la-course-motogp-de-motegi-jap\/","title":{"rendered":"La course de Motegi"},"content":{"rendered":"<div class=\"progression-skin progression-default\"><!--[if lt IE 9]><script>document.createElement('audio');<\/script><![endif]-->\n<audio class=\"wp-audio-shortcode\" id=\"audio-5420-1\" preload=\"none\" style=\"width: 100%;\" controls=\"controls\"><source type=\"audio\/mpeg\" src=\"https:\/\/audio.ausha.co\/BMAJTLd7GGdB.mp3?_=1\" \/><a href=\"https:\/\/audio.ausha.co\/BMAJTLd7GGdB.mp3\">https:\/\/audio.ausha.co\/BMAJTLd7GGdB.mp3<\/a><\/audio><\/div>\n<p>Salut \u00e0 toutes et \u00e0 tous,\u00a0<\/p>\n<p><\/p>\n<p>c&#8217;est parti pour la 1\u00e8re course outre mer, et le Japon est la 1\u00e8re des 4 \u00e9tapes; ce sont Paul et Cyrille qui d\u00e9brient un weekend marqu\u00e9s par les surprises&#8230;<\/p>\n<p>Bonne pour certains avec Marquez en pole et mauvaise pour d&#8217;autres avec la chute de Bagnaia et le loup\u00e9 d&#8217;Aprilia qui va compter dans la fin de saison d&#8217;Aleix Espargaro.<\/p>\n<p><\/p>\n<p>Miller a sorti la botte sur le podium pour une victoire toute en facilit\u00e9&#8230;<\/p>\n<p>La suite arrive tr\u00e8s vite le GP de Tha\u00eflande ce weekend.<\/p>\n<p><\/p>\n<p><\/p>\n<p>Bonne \u00e9coute<\/p>\n<p><\/p>\n<p>Twitter: &lt;a href=&quot;https:\/\/twitter.com\/cqep_pod&quot; title=&quot;<span data-offset-key=\"8ovm8-1-0\" style=\"margin: 0px\"><span data-text=\"true\" style=\"margin: 0px\">@cqep_pod<\/span><\/span>&#8220;&gt;@cqep_pod<\/a>\u00a0<\/p>\n<p>Discord: &lt;a href=&quot;https:\/\/discord.gg\/eAG5xem&quot; title=&quot;<span data-offset-key=\"806nt-1-0\" style=\"margin: 0px\"><span data-text=\"true\" style=\"margin: 0px\">https:\/\/discord.gg\/eAG5xem<\/span><\/span>&#8220;&gt;https:\/\/discord.gg\/eAG5xem<\/a>\u00a0<\/p>\n<p>G\u00e9n\u00e9rique : \u201cRoad trip\u201d by Scott Holmes http:\/\/freemusicarchive.org\/music\/Scott_Holmes\/\u00a0\u00a0<\/p>\n","protected":false},"excerpt":{"rendered":"<p>Salut \u00e0 toutes et \u00e0 tous,\u00a0<\/p>\n<p>c&#8217;est parti pour la 1\u00e8re course outre mer, et le Japon est la 1\u00e8re des 4 \u00e9tapes; ce sont Paul et Cyrille qui d\u00e9brient un weekend marqu\u00e9s par les surprises&#8230;<br \/>\nBonne pour certains avec Marquez en pole et mauvaise pour d&#8217;autres&#8230;<\/p>\n","protected":false},"author":930,"featured_media":5162,"comment_status":"open","ping_status":"open","sticky":false,"template":"","format":"standard","meta":{"cybocfi_hide_featured_image":"","footnotes":"","fifu_image_url":"","fifu_image_alt":"","_vp_format_video_url":"","_vp_image_focal_point":[]},"categories":[4],"tags":[],"views":1230,"_links":{"self":[{"href":"https:\/\/audioactif.fr\/cqep\/wp-json\/wp\/v2\/posts\/5420"}],"collection":[{"href":"https:\/\/audioactif.fr\/cqep\/wp-json\/wp\/v2\/posts"}],"about":[{"href":"https:\/\/audioactif.fr\/cqep\/wp-json\/wp\/v2\/types\/post"}],"author":[{"embeddable":true,"href":"https:\/\/audioactif.fr\/cqep\/wp-json\/wp\/v2\/users\/930"}],"replies":[{"embeddable":true,"href":"https:\/\/audioactif.fr\/cqep\/wp-json\/wp\/v2\/comments?post=5420"}],"version-history":[{"count":1,"href":"https:\/\/audioactif.fr\/cqep\/wp-json\/wp\/v2\/posts\/5420\/revisions"}],"predecessor-version":[{"id":5422,"href":"https:\/\/audioactif.fr\/cqep\/wp-json\/wp\/v2\/posts\/5420\/revisions\/5422"}],"wp:featuredmedia":[{"embeddable":true,"href":"https:\/\/audioactif.fr\/cqep\/wp-json\/wp\/v2\/media\/5162"}],"wp:attachment":[{"href":"https:\/\/audioactif.fr\/cqep\/wp-json\/wp\/v2\/media?parent=5420"}],"wp:term":[{"taxonomy":"category","embeddable":true,"href":"https:\/\/audioactif.fr\/cqep\/wp-json\/wp\/v2\/categories?post=5420"},{"taxonomy":"post_tag","embeddable":true,"href":"https:\/\/audioactif.fr\/cqep\/wp-json\/wp\/v2\/tags?post=5420"}],"curies":[{"name":"wp","href":"https:\/\/api.w.org\/{rel}","templated":true}]}}