{"id":5409,"date":"2022-08-26T04:56:00","date_gmt":"2022-08-26T02:56:00","guid":{"rendered":"http:\/\/audioactif.fr\/cqep\/2022\/08\/26\/cqep-123-la-course-motogp-du-red-bull-ring-aut\/"},"modified":"2022-09-21T09:59:34","modified_gmt":"2022-09-21T07:59:34","slug":"cqep-123-la-course-motogp-du-red-bull-ring-aut","status":"publish","type":"post","link":"https:\/\/audioactif.fr\/cqep\/2022\/08\/26\/cqep-123-la-course-motogp-du-red-bull-ring-aut\/","title":{"rendered":"La course  du Red Bull Ring"},"content":{"rendered":"<div class=\"progression-skin progression-default\"><!--[if lt IE 9]><script>document.createElement('audio');<\/script><![endif]-->\n<audio class=\"wp-audio-shortcode\" id=\"audio-5409-1\" preload=\"none\" style=\"width: 100%;\" controls=\"controls\"><source type=\"audio\/mpeg\" src=\"https:\/\/audio.ausha.co\/brXpUqvYLjwo.mp3?_=1\" \/><a href=\"https:\/\/audio.ausha.co\/brXpUqvYLjwo.mp3\">https:\/\/audio.ausha.co\/brXpUqvYLjwo.mp3<\/a><\/audio><\/div>\n<p>Salut \u00e0 toutes et \u00e0 tous,\u00a0<\/p>\n<p><\/p>\n<p>on se retrouve pour un nouvel \u00e9pisode; Oph\u00e9lie, Pierre et Paul d\u00e9briefent le GP d&#8217;Autriche marqu\u00e9 par une nouvelle victoire de Bagnaia, Quartararo fait une 2\u00e8me place assez inesp\u00e9r\u00e9e&#8230;\u00a0<\/p>\n<p><\/p>\n<p><\/p>\n<p>Bonne \u00e9coute<\/p>\n<p>Twitter: &lt;a href=&quot;https:\/\/twitter.com\/cqep_pod&quot; title=&quot;<span data-offset-key=\"2dhq-1-0\" style=\"margin: 0px\"><span data-text=\"true\" style=\"margin: 0px\">@cqep_pod<\/span><\/span>&#8220;&gt;@cqep_pod<\/a>\u00a0<\/p>\n<p>Discord: &lt;a href=&quot;https:\/\/discord.gg\/eAG5xem&quot; title=&quot;<span data-offset-key=\"9r39e-1-0\" style=\"margin: 0px\"><span data-text=\"true\" style=\"margin: 0px\">https:\/\/discord.gg\/eAG5xem<\/span><\/span>&#8220;&gt;https:\/\/discord.gg\/eAG5xem<\/a>\u00a0<\/p>\n<p>G\u00e9n\u00e9rique : \u201cRoad trip\u201d by Scott Holmes http:\/\/freemusicarchive.org\/music\/Scott_Holmes\/\u00a0\u00a0<\/p>\n","protected":false},"excerpt":{"rendered":"<p>Salut \u00e0 toutes et \u00e0 tous,\u00a0<\/p>\n<p>on se retrouve pour un nouvel \u00e9pisode; Oph\u00e9lie, Pierre et Paul d\u00e9briefent le GP d&#8217;Autriche marqu\u00e9 par une nouvelle victoire de Bagnaia, Quartararo fait une 2\u00e8me place assez inesp\u00e9r\u00e9e&#8230;\u00a0<\/p>\n<p>Bonne \u00e9coute<br \/>\nTwitter: @cqep_pod (ht&#8230;<\/p>\n","protected":false},"author":930,"featured_media":5162,"comment_status":"open","ping_status":"open","sticky":false,"template":"","format":"standard","meta":{"cybocfi_hide_featured_image":"","footnotes":"","fifu_image_url":"","fifu_image_alt":"","_vp_format_video_url":"","_vp_image_focal_point":[]},"categories":[4],"tags":[],"views":1106,"_links":{"self":[{"href":"https:\/\/audioactif.fr\/cqep\/wp-json\/wp\/v2\/posts\/5409"}],"collection":[{"href":"https:\/\/audioactif.fr\/cqep\/wp-json\/wp\/v2\/posts"}],"about":[{"href":"https:\/\/audioactif.fr\/cqep\/wp-json\/wp\/v2\/types\/post"}],"author":[{"embeddable":true,"href":"https:\/\/audioactif.fr\/cqep\/wp-json\/wp\/v2\/users\/930"}],"replies":[{"embeddable":true,"href":"https:\/\/audioactif.fr\/cqep\/wp-json\/wp\/v2\/comments?post=5409"}],"version-history":[{"count":1,"href":"https:\/\/audioactif.fr\/cqep\/wp-json\/wp\/v2\/posts\/5409\/revisions"}],"predecessor-version":[{"id":5417,"href":"https:\/\/audioactif.fr\/cqep\/wp-json\/wp\/v2\/posts\/5409\/revisions\/5417"}],"wp:featuredmedia":[{"embeddable":true,"href":"https:\/\/audioactif.fr\/cqep\/wp-json\/wp\/v2\/media\/5162"}],"wp:attachment":[{"href":"https:\/\/audioactif.fr\/cqep\/wp-json\/wp\/v2\/media?parent=5409"}],"wp:term":[{"taxonomy":"category","embeddable":true,"href":"https:\/\/audioactif.fr\/cqep\/wp-json\/wp\/v2\/categories?post=5409"},{"taxonomy":"post_tag","embeddable":true,"href":"https:\/\/audioactif.fr\/cqep\/wp-json\/wp\/v2\/tags?post=5409"}],"curies":[{"name":"wp","href":"https:\/\/api.w.org\/{rel}","templated":true}]}}