{"id":5383,"date":"2022-07-08T15:05:12","date_gmt":"2022-07-08T13:05:12","guid":{"rendered":"http:\/\/audioactif.fr\/cqep\/?p=5383"},"modified":"2022-07-21T13:19:00","modified_gmt":"2022-07-21T11:19:00","slug":"la-course-dassen-ned","status":"publish","type":"post","link":"https:\/\/audioactif.fr\/cqep\/2022\/07\/08\/la-course-dassen-ned\/","title":{"rendered":"La course  d&#8217;Assen  (NED)"},"content":{"rendered":"<div class=\"progression-skin progression-default\"><!--[if lt IE 9]><script>document.createElement('audio');<\/script><![endif]-->\n<audio class=\"wp-audio-shortcode\" id=\"audio-5383-1\" preload=\"none\" style=\"width: 100%;\" controls=\"controls\"><source type=\"audio\/mpeg\" src=\"https:\/\/audio.ausha.co\/owAZTPYq0lWb.mp3?_=1\" \/><a href=\"https:\/\/audio.ausha.co\/owAZTPYq0lWb.mp3\">https:\/\/audio.ausha.co\/owAZTPYq0lWb.mp3<\/a><\/audio><\/div>\n<p>Salut \u00e0 toutes et \u00e0 tous,\u00a0<\/p>\n<p><\/p>\n<p>Derni\u00e8re \u00e9tape \u00e0 Assen avant une tr\u00e8ve estivale et l&#8217;\u00e9quipe est presque compl\u00e8te pour d\u00e9briefer un week end de course riche en rebondissements, avec une Masterclass de Bagnaia, le 1er podium de Vianles sur Aprilia, et la tr\u00e8s belle 2\u00e8me place de Bezzecchi, pour un rookie, c&#8217;est beau!!<\/p>\n<p><\/p>\n<p>On se retrouve tr\u00e8s vite pour un d\u00e9brief de mi saison\u00a0<\/p>\n<p><\/p>\n<p>Bonne pause \u00e0 tous et Bonne \u00e9coute<\/p>\n<p><\/p>\n<p>Twitter: &lt;a href=&quot;https:\/\/twitter.com\/cqep_pod&quot; title=&quot;<span data-offset-key=\"ce6mb-1-0\" style=\"margin: 0px\"><span data-text=\"true\" style=\"margin: 0px\">@cqep_pod<\/span><\/span>&#8220;&gt;@cqep_pod<\/a>\u00a0<\/p>\n<p><\/p>\n<p>Discord: &lt;a href=&quot;https:\/\/discord.gg\/eAG5xem&quot; title=&quot;<span data-offset-key=\"6ugkv-1-0\" style=\"margin: 0px\"><span data-text=\"true\" style=\"margin: 0px\">https:\/\/discord.gg\/eAG5xem<\/span><\/span>&#8220;&gt;https:\/\/discord.gg\/eAG5xem<\/a>\u00a0<\/p>\n<p><\/p>\n<p>G\u00e9n\u00e9rique : \u201cRoad trip\u201d by Scott Holmes http:\/\/freemusicarchive.org\/music\/Scott_Holmes\/\u00a0\u00a0<\/p>\n<p><\/p>\n","protected":false},"excerpt":{"rendered":"<p>Salut \u00e0 toutes et \u00e0 tous,\u00a0<\/p>\n<p>Derni\u00e8re \u00e9tape \u00e0 Assen avant une tr\u00e8ve estivale et l&#8217;\u00e9quipe est presque compl\u00e8te pour d\u00e9briefer un week end de course riche en rebondissements, avec une Masterclass de Bagnaia, le 1er podium de Vianles sur Aprilia, et la tr\u00e8&#8230;<\/p>\n","protected":false},"author":930,"featured_media":5162,"comment_status":"open","ping_status":"open","sticky":false,"template":"","format":"standard","meta":{"cybocfi_hide_featured_image":"","footnotes":"","fifu_image_url":"","fifu_image_alt":"","_vp_format_video_url":"","_vp_image_focal_point":[]},"categories":[4],"tags":[],"views":1054,"_links":{"self":[{"href":"https:\/\/audioactif.fr\/cqep\/wp-json\/wp\/v2\/posts\/5383"}],"collection":[{"href":"https:\/\/audioactif.fr\/cqep\/wp-json\/wp\/v2\/posts"}],"about":[{"href":"https:\/\/audioactif.fr\/cqep\/wp-json\/wp\/v2\/types\/post"}],"author":[{"embeddable":true,"href":"https:\/\/audioactif.fr\/cqep\/wp-json\/wp\/v2\/users\/930"}],"replies":[{"embeddable":true,"href":"https:\/\/audioactif.fr\/cqep\/wp-json\/wp\/v2\/comments?post=5383"}],"version-history":[{"count":1,"href":"https:\/\/audioactif.fr\/cqep\/wp-json\/wp\/v2\/posts\/5383\/revisions"}],"predecessor-version":[{"id":5387,"href":"https:\/\/audioactif.fr\/cqep\/wp-json\/wp\/v2\/posts\/5383\/revisions\/5387"}],"wp:featuredmedia":[{"embeddable":true,"href":"https:\/\/audioactif.fr\/cqep\/wp-json\/wp\/v2\/media\/5162"}],"wp:attachment":[{"href":"https:\/\/audioactif.fr\/cqep\/wp-json\/wp\/v2\/media?parent=5383"}],"wp:term":[{"taxonomy":"category","embeddable":true,"href":"https:\/\/audioactif.fr\/cqep\/wp-json\/wp\/v2\/categories?post=5383"},{"taxonomy":"post_tag","embeddable":true,"href":"https:\/\/audioactif.fr\/cqep\/wp-json\/wp\/v2\/tags?post=5383"}],"curies":[{"name":"wp","href":"https:\/\/api.w.org\/{rel}","templated":true}]}}