{"id":5215,"date":"2022-04-12T21:53:26","date_gmt":"2022-04-12T19:53:26","guid":{"rendered":"https:\/\/audioactif.fr\/cqep\/?p=5215"},"modified":"2022-04-26T14:25:14","modified_gmt":"2022-04-26T12:25:14","slug":"cqep-114-la-course-motogp-du-cota-usa","status":"publish","type":"post","link":"https:\/\/audioactif.fr\/cqep\/2022\/04\/12\/cqep-114-la-course-motogp-du-cota-usa\/","title":{"rendered":"CQEP &#8211; 114 &#8211; La course MotoGP du COTA  (USA)"},"content":{"rendered":"<p>Salut \u00e0 toutes et \u00e0 tous,<\/p>\n<p>&nbsp;<\/p>\n<p>On se retrouve pour un nouvel \u00e9pisode de C&#8217;est qui en pole avec Pierre et Paul qui vous proposent de d\u00e9briefer le grand prix des USA ; 4\u00e8me rendez vous de cette saison 2022.<\/p>\n<p>En MotoGP, Ducati a largement domin\u00e9 ce week end avec une 2\u00e8me victoire de Bastianini chez Gresini, et un week end tr\u00e8s comp\u00e9titif pour les rouges.<\/p>\n<p>&nbsp;<\/p>\n<p>Avec la reprise du SBK, nous vous parlons \u00e9galement du week end d&#8217;ouverture qui a eu lieu en Aragon.<\/p>\n<p>&nbsp;<\/p>\n<p>\u00c9pisode enregistr\u00e9 en partenariat avec La-B\u00e9canerie<\/p>\n<p>&nbsp;<\/p>\n<p>On se retrouve tr\u00e8s vite pour le 5\u00e8me GP \u00e0 Portimao.<\/p>\n<p><iframe style=\"border: none;width: 100%;height: 220px\" src=\"https:\/\/player.ausha.co\/index.html?podcastId=b7w3uega16Lb&amp;playlist=false&amp;color=%2372238e&amp;v=3&amp;playerId=ausha-U6Tc\" height=\"220\" frameborder=\"0\"><\/iframe><\/p>\n<p>Twitter: <a style=\"border-width: 0px;border-style: solid;margin: 0px;padding: 0px;font-family: ProximaNova, sans-serif;letter-spacing: 0.1px;line-height: normal\" title=\"&lt;span data-offset-key=\" href=\"https:\/\/twitter.com\/cqep_pod\"><span style=\"border-width: 0px;border-style: solid;margin: 0px;padding: 0px;font-family: ProximaNova, sans-serif;letter-spacing: 0.1px;line-height: normal\" data-text=\"true\">@cqep_pod<\/span>&#8220;&gt;@cqep_pod<\/a><\/p>\n<p>Discord: <a style=\"border-width: 0px;border-style: solid;margin: 0px;padding: 0px;font-family: ProximaNova, sans-serif;letter-spacing: 0.1px;line-height: normal\" title=\"&lt;span data-offset-key=\" href=\"https:\/\/discord.gg\/eAG5xem\"><span style=\"border-width: 0px;border-style: solid;margin: 0px;padding: 0px;font-family: ProximaNova, sans-serif;letter-spacing: 0.1px;line-height: normal\" data-text=\"true\">https:\/\/discord.gg\/eAG5xem<\/span>&#8220;&gt;https:\/\/discord.gg\/eAG5xem<\/a><\/p>\n","protected":false},"excerpt":{"rendered":"<p>Salut \u00e0 toutes et \u00e0 tous, &nbsp; On se retrouve pour un nouvel \u00e9pisode de C&#8217;est qui en pole avec&hellip;<\/p>\n","protected":false},"author":930,"featured_media":5318,"comment_status":"open","ping_status":"open","sticky":false,"template":"","format":"standard","meta":{"cybocfi_hide_featured_image":"","footnotes":"","fifu_image_url":"","fifu_image_alt":"","_vp_format_video_url":"","_vp_image_focal_point":[]},"categories":[4],"tags":[118,98,103,95,51,52,26,93,106,102],"views":1135,"_links":{"self":[{"href":"https:\/\/audioactif.fr\/cqep\/wp-json\/wp\/v2\/posts\/5215"}],"collection":[{"href":"https:\/\/audioactif.fr\/cqep\/wp-json\/wp\/v2\/posts"}],"about":[{"href":"https:\/\/audioactif.fr\/cqep\/wp-json\/wp\/v2\/types\/post"}],"author":[{"embeddable":true,"href":"https:\/\/audioactif.fr\/cqep\/wp-json\/wp\/v2\/users\/930"}],"replies":[{"embeddable":true,"href":"https:\/\/audioactif.fr\/cqep\/wp-json\/wp\/v2\/comments?post=5215"}],"version-history":[{"count":3,"href":"https:\/\/audioactif.fr\/cqep\/wp-json\/wp\/v2\/posts\/5215\/revisions"}],"predecessor-version":[{"id":5319,"href":"https:\/\/audioactif.fr\/cqep\/wp-json\/wp\/v2\/posts\/5215\/revisions\/5319"}],"wp:featuredmedia":[{"embeddable":true,"href":"https:\/\/audioactif.fr\/cqep\/wp-json\/wp\/v2\/media\/5318"}],"wp:attachment":[{"href":"https:\/\/audioactif.fr\/cqep\/wp-json\/wp\/v2\/media?parent=5215"}],"wp:term":[{"taxonomy":"category","embeddable":true,"href":"https:\/\/audioactif.fr\/cqep\/wp-json\/wp\/v2\/categories?post=5215"},{"taxonomy":"post_tag","embeddable":true,"href":"https:\/\/audioactif.fr\/cqep\/wp-json\/wp\/v2\/tags?post=5215"}],"curies":[{"name":"wp","href":"https:\/\/api.w.org\/{rel}","templated":true}]}}