{"id":5117,"date":"2021-04-22T10:41:14","date_gmt":"2021-04-22T08:41:14","guid":{"rendered":"http:\/\/audioactif.fr\/cqep\/?p=5117"},"modified":"2021-11-17T21:27:58","modified_gmt":"2021-11-17T20:27:58","slug":"cqep-91-la-course-motogp-de-portimao-portugal","status":"publish","type":"post","link":"https:\/\/audioactif.fr\/cqep\/2021\/04\/22\/cqep-91-la-course-motogp-de-portimao-portugal\/","title":{"rendered":"CQEP &#8211; 91 &#8211; La course MotoGP de Portimao (Portugal)"},"content":{"rendered":"<p>On retrouve Olivier et Cyrille pour d\u00e9briefer un week end de courses disput\u00e9es dans toutes les cat\u00e9gories et qui se sont d\u00e9roul\u00e9es au Portugal!<\/p>\n<p>En MotoGP, Quartararo s&#8217;impose dans une course qu&#8217;il a marqu\u00e9 de son empreinte, tout en ma\u00eetrise, course qui a vu le retour \u00e0 la comp\u00e9tition de Marc Marquez.<\/p>\n<p>Next stop &#8230; JEREZ !!!<br \/>\n<iframe frameborder=\"0\" loading=\"lazy\" id=\"ausha-Ijiw\" height=\"220\" style=\"border: none; width:100%; height:220px\" src=\"https:\/\/player.ausha.co\/index.html?podcastId=y8QeUNmO03kb&#038;playlist=false&#038;color=%2372238e&#038;v=3&#038;playerId=ausha-Ijiw\"><\/iframe><script src=\"https:\/\/player.ausha.co\/ausha-player.js\"><\/script><\/p>\n<p>\u00c9pisode enregistr\u00e9 en partenariat avec La-B\u00e9canerie<\/p>\n<p>Twitter:\u00a0<a href=\"https:\/\/twitter.com\/cqep_pod\">@cqep_pod<\/a><\/p>\n<p>Discord:\u00a0<a href=\"https:\/\/discord.gg\/eAG5xem\">https:\/\/discord.gg\/eAG5xem<\/a><\/p>\n<p>\u00c9pisode enregistr\u00e9 en partenariat avec La-B\u00e9canerie<\/p>\n<p>Twitter:\u00a0<a href=\"https:\/\/twitter.com\/cqep_pod\">@cqep_pod<\/a><\/p>\n<p>Discord:\u00a0<a href=\"https:\/\/discord.gg\/eAG5xem\">https:\/\/discord.gg\/eAG5xem<\/a><\/p>\n","protected":false},"excerpt":{"rendered":"<p>On retrouve Olivier et Cyrille pour d\u00e9briefer un week end de courses disput\u00e9es dans toutes les cat\u00e9gories et qui se&hellip;<\/p>\n","protected":false},"author":930,"featured_media":5066,"comment_status":"open","ping_status":"open","sticky":false,"template":"","format":"standard","meta":{"cybocfi_hide_featured_image":"","footnotes":"","fifu_image_url":"","fifu_image_alt":"","_vp_format_video_url":"","_vp_image_focal_point":[]},"categories":[4],"tags":[111,98,104,95,51,52,26,93,106,60,102],"views":993,"_links":{"self":[{"href":"https:\/\/audioactif.fr\/cqep\/wp-json\/wp\/v2\/posts\/5117"}],"collection":[{"href":"https:\/\/audioactif.fr\/cqep\/wp-json\/wp\/v2\/posts"}],"about":[{"href":"https:\/\/audioactif.fr\/cqep\/wp-json\/wp\/v2\/types\/post"}],"author":[{"embeddable":true,"href":"https:\/\/audioactif.fr\/cqep\/wp-json\/wp\/v2\/users\/930"}],"replies":[{"embeddable":true,"href":"https:\/\/audioactif.fr\/cqep\/wp-json\/wp\/v2\/comments?post=5117"}],"version-history":[{"count":1,"href":"https:\/\/audioactif.fr\/cqep\/wp-json\/wp\/v2\/posts\/5117\/revisions"}],"predecessor-version":[{"id":5118,"href":"https:\/\/audioactif.fr\/cqep\/wp-json\/wp\/v2\/posts\/5117\/revisions\/5118"}],"wp:featuredmedia":[{"embeddable":true,"href":"https:\/\/audioactif.fr\/cqep\/wp-json\/wp\/v2\/media\/5066"}],"wp:attachment":[{"href":"https:\/\/audioactif.fr\/cqep\/wp-json\/wp\/v2\/media?parent=5117"}],"wp:term":[{"taxonomy":"category","embeddable":true,"href":"https:\/\/audioactif.fr\/cqep\/wp-json\/wp\/v2\/categories?post=5117"},{"taxonomy":"post_tag","embeddable":true,"href":"https:\/\/audioactif.fr\/cqep\/wp-json\/wp\/v2\/tags?post=5117"}],"curies":[{"name":"wp","href":"https:\/\/api.w.org\/{rel}","templated":true}]}}