{"id":5115,"date":"2021-05-20T21:34:53","date_gmt":"2021-05-20T19:34:53","guid":{"rendered":"http:\/\/audioactif.fr\/cqep\/?p=5115"},"modified":"2021-11-18T10:14:19","modified_gmt":"2021-11-18T09:14:19","slug":"cqep-94-la-course-motogp-du-mans-france","status":"publish","type":"post","link":"https:\/\/audioactif.fr\/cqep\/2021\/05\/20\/cqep-94-la-course-motogp-du-mans-france\/","title":{"rendered":"CQEP &#8211; 94 &#8211; La course MotoGP du Mans  (France)"},"content":{"rendered":"<p>Salut \u00e0 toutes et \u00e0 tous,<\/p>\n<p>&nbsp;<\/p>\n<p>Stephane, Pierre et Paul sont au rendez vous de ce d\u00e9brief du GP de France marqu\u00e9 par une m\u00e9t\u00e9o&#8230; traditionnelle pour un GP de France.<\/p>\n<p>Dans ces conditions et une course MotoGP en Flag To Flag, c&#8217;est Miller qui tire son \u00e9pingle du jeu, devant les 2 fran\u00e7ais Zarco et Quartararo qui signent un 2\u00e8me doubl\u00e9 fran\u00e7ais dans cette saison.<\/p>\n<p>Quartararo reprend les commandes au g\u00e9n\u00e9ral avant un GP d&#8217;Italie qui devrait voir les rouges une nouvelle fois aux avant postes&#8230; \u00e0 confirmer !!<\/p>\n<p>\u00c9pisode enregistr\u00e9 en partenariat avec La-B\u00e9canerie<\/p>\n<p>Twitter: <a href=\"https:\/\/twitter.com\/cqep_pod\">@cqep_pod<\/a><\/p>\n<p>Discord: <a href=\"https:\/\/discord.gg\/eAG5xem\">https:\/\/discord.gg\/eAG5xem<\/a><\/p>\n<p><iframe id=\"ausha-yEn0\" style=\"border: none; width: 100%; height: 220px;\" src=\"https:\/\/player.ausha.co\/index.html?podcastId=bWgwHv0xQQLb&amp;playlist=false&amp;color=%2372238e&amp;v=3&amp;playerId=ausha-yEn0\" height=\"220\" frameborder=\"0\"><\/iframe><script src=\"https:\/\/player.ausha.co\/ausha-player.js\"><\/script><\/p>\n","protected":false},"excerpt":{"rendered":"<p>Salut \u00e0 toutes et \u00e0 tous,<\/p>\n<p>Stephane, Pierre et Paul sont au rendez vous de ce d\u00e9brief du GP de France marqu\u00e9 par une m\u00e9t\u00e9o&#8230; traditionnelle pour un GP de France.<br \/>\nDans ces conditions et une course MotoGP en Flag To Flag, c&#8217;est Miller qui tire son \u00e9ping&#8230;<\/p>\n","protected":false},"author":930,"featured_media":5136,"comment_status":"open","ping_status":"open","sticky":false,"template":"","format":"standard","meta":{"cybocfi_hide_featured_image":"","footnotes":"","fifu_image_url":"","fifu_image_alt":"","_vp_format_video_url":"","_vp_image_focal_point":[]},"categories":[4],"tags":[98,95,51,52,26,93,106,102,107],"views":1471,"_links":{"self":[{"href":"https:\/\/audioactif.fr\/cqep\/wp-json\/wp\/v2\/posts\/5115"}],"collection":[{"href":"https:\/\/audioactif.fr\/cqep\/wp-json\/wp\/v2\/posts"}],"about":[{"href":"https:\/\/audioactif.fr\/cqep\/wp-json\/wp\/v2\/types\/post"}],"author":[{"embeddable":true,"href":"https:\/\/audioactif.fr\/cqep\/wp-json\/wp\/v2\/users\/930"}],"replies":[{"embeddable":true,"href":"https:\/\/audioactif.fr\/cqep\/wp-json\/wp\/v2\/comments?post=5115"}],"version-history":[{"count":1,"href":"https:\/\/audioactif.fr\/cqep\/wp-json\/wp\/v2\/posts\/5115\/revisions"}],"predecessor-version":[{"id":5122,"href":"https:\/\/audioactif.fr\/cqep\/wp-json\/wp\/v2\/posts\/5115\/revisions\/5122"}],"wp:featuredmedia":[{"embeddable":true,"href":"https:\/\/audioactif.fr\/cqep\/wp-json\/wp\/v2\/media\/5136"}],"wp:attachment":[{"href":"https:\/\/audioactif.fr\/cqep\/wp-json\/wp\/v2\/media?parent=5115"}],"wp:term":[{"taxonomy":"category","embeddable":true,"href":"https:\/\/audioactif.fr\/cqep\/wp-json\/wp\/v2\/categories?post=5115"},{"taxonomy":"post_tag","embeddable":true,"href":"https:\/\/audioactif.fr\/cqep\/wp-json\/wp\/v2\/tags?post=5115"}],"curies":[{"name":"wp","href":"https:\/\/api.w.org\/{rel}","templated":true}]}}