{"id":5108,"date":"2021-09-01T22:07:44","date_gmt":"2021-09-01T20:07:44","guid":{"rendered":"http:\/\/audioactif.fr\/cqep\/?p=5108"},"modified":"2021-11-18T10:16:09","modified_gmt":"2021-11-18T09:16:09","slug":"cqep-101-la-course-motogp-de-grande-bretagne-silverstone","status":"publish","type":"post","link":"https:\/\/audioactif.fr\/cqep\/2021\/09\/01\/cqep-101-la-course-motogp-de-grande-bretagne-silverstone\/","title":{"rendered":"CQEP &#8211; 101 &#8211; La course MotoGP de Grande Bretagne (Silverstone)"},"content":{"rendered":"<p>Salut \u00e0 toutes et \u00e0 tous,<\/p>\n<p>&nbsp;<\/p>\n<p>Olivier et Cyrille d\u00e9briefent le GP de Grande Bretagne 2021, le 1er podium d&#8217;Aprilia, la victoire de Quartararo et Marquez, dans la difficult\u00e9 sont au programme de cet \u00e9pisode.<\/p>\n<p>&nbsp;<\/p>\n<p>&nbsp;<\/p>\n<p>Weekend marqu\u00e9 par des conditions plut\u00f4t froides qui se sont montr\u00e9es pi\u00e9geuses dans les choix de pneus pour certains pilotes.<\/p>\n<p>&nbsp;<\/p>\n<p>Prochain arr\u00eat le 12 septembre \u00e0 Aragon.<\/p>\n<p>&nbsp;<\/p>\n<p>Bonne \u00e9coute<\/p>\n<p><iframe frameborder=\"0\" loading=\"lazy\" id=\"ausha-PeRF\" height=\"220\" style=\"border: none; width:100%; height:220px\" src=\"https:\/\/player.ausha.co\/index.html?podcastId=b26GUqMga2Db&#038;playlist=false&#038;color=%2372238e&#038;v=3&#038;playerId=ausha-PeRF\"><\/iframe><script src=\"https:\/\/player.ausha.co\/ausha-player.js\"><\/script><\/p>\n<p>Twitter: <a style=\"border-width: 0px; border-style: solid; margin: 0px; padding: 0px; box-sizing: border-box; list-style: none; font-family: ProximaNova, sans-serif; letter-spacing: 0.1px; line-height: normal; -webkit-font-smoothing: antialiased;\" title=\"&lt;span data-offset-key=\" href=\"https:\/\/twitter.com\/cqep_pod\"><span style=\"border-width: 0px; border-style: solid; margin: 0px; padding: 0px; box-sizing: border-box; list-style: none; font-family: ProximaNova, sans-serif; letter-spacing: 0.1px; line-height: normal; -webkit-font-smoothing: antialiased;\" data-text=\"true\">@cqep_pod<\/span>&#8220;&gt;@cqep_pod<\/a><\/p>\n<p>Discord: <a style=\"border-width: 0px; border-style: solid; margin: 0px; padding: 0px; box-sizing: border-box; list-style: none; font-family: ProximaNova, sans-serif; letter-spacing: 0.1px; line-height: normal; -webkit-font-smoothing: antialiased;\" title=\"&lt;span data-offset-key=\" href=\"https:\/\/discord.gg\/eAG5xem\"><span style=\"border-width: 0px; border-style: solid; margin: 0px; padding: 0px; box-sizing: border-box; list-style: none; font-family: ProximaNova, sans-serif; letter-spacing: 0.1px; line-height: normal; -webkit-font-smoothing: antialiased;\" data-text=\"true\">https:\/\/discord.gg\/eAG5xem<\/span>&#8220;&gt;https:\/\/discord.gg\/eAG5xem<\/a><\/p>\n<p>G\u00e9n\u00e9rique : \u201cRoad trip\u201d by Scott Holmes http:\/\/freemusicarchive.org\/music\/Scott_Holmes\/<\/p>\n","protected":false},"excerpt":{"rendered":"<p>Salut \u00e0 toutes et \u00e0 tous,<\/p>\n<p>Olivier et Cyrille d\u00e9briefent le GP de Grande Bretagne 2021, le 1er podium d&#8217;Aprilia, la victoire de Quartararo et Marquez, dans la difficult\u00e9 sont au programme de cet \u00e9pisode.<\/p>\n<p>Weekend marqu\u00e9 par des conditions plut\u00f4t froid&#8230;<\/p>\n","protected":false},"author":930,"featured_media":5143,"comment_status":"open","ping_status":"open","sticky":false,"template":"","format":"standard","meta":{"cybocfi_hide_featured_image":"","footnotes":"","fifu_image_url":"","fifu_image_alt":"","_vp_format_video_url":"","_vp_image_focal_point":[]},"categories":[4],"tags":[117,116,51,52,26,93,106,59,60,102],"views":1096,"_links":{"self":[{"href":"https:\/\/audioactif.fr\/cqep\/wp-json\/wp\/v2\/posts\/5108"}],"collection":[{"href":"https:\/\/audioactif.fr\/cqep\/wp-json\/wp\/v2\/posts"}],"about":[{"href":"https:\/\/audioactif.fr\/cqep\/wp-json\/wp\/v2\/types\/post"}],"author":[{"embeddable":true,"href":"https:\/\/audioactif.fr\/cqep\/wp-json\/wp\/v2\/users\/930"}],"replies":[{"embeddable":true,"href":"https:\/\/audioactif.fr\/cqep\/wp-json\/wp\/v2\/comments?post=5108"}],"version-history":[{"count":1,"href":"https:\/\/audioactif.fr\/cqep\/wp-json\/wp\/v2\/posts\/5108\/revisions"}],"predecessor-version":[{"id":5129,"href":"https:\/\/audioactif.fr\/cqep\/wp-json\/wp\/v2\/posts\/5108\/revisions\/5129"}],"wp:featuredmedia":[{"embeddable":true,"href":"https:\/\/audioactif.fr\/cqep\/wp-json\/wp\/v2\/media\/5143"}],"wp:attachment":[{"href":"https:\/\/audioactif.fr\/cqep\/wp-json\/wp\/v2\/media?parent=5108"}],"wp:term":[{"taxonomy":"category","embeddable":true,"href":"https:\/\/audioactif.fr\/cqep\/wp-json\/wp\/v2\/categories?post=5108"},{"taxonomy":"post_tag","embeddable":true,"href":"https:\/\/audioactif.fr\/cqep\/wp-json\/wp\/v2\/tags?post=5108"}],"curies":[{"name":"wp","href":"https:\/\/api.w.org\/{rel}","templated":true}]}}