{"id":5061,"date":"2021-04-11T22:34:19","date_gmt":"2021-04-11T20:34:19","guid":{"rendered":"http:\/\/audioactif.fr\/cqep\/?p=5061"},"modified":"2021-04-11T22:34:19","modified_gmt":"2021-04-11T20:34:19","slug":"cqep-89-et-90-qatar-1-2-zarco-et-quartararo-dans-lhistoire","status":"publish","type":"post","link":"https:\/\/audioactif.fr\/cqep\/2021\/04\/11\/cqep-89-et-90-qatar-1-2-zarco-et-quartararo-dans-lhistoire\/","title":{"rendered":"CQEP &#8211; 89 et 90 &#8211; Qatar 1 &#038; 2 &#8211; Zarco et Quartararo dans l&#8217;histoire"},"content":{"rendered":"<p>Salut \u00e0 toutes et \u00e0 tous,<\/p>\n<p>on se retrouve pour ce 89\u00e8me \u00e9pisode consacr\u00e9 au 1er Grand Prix de cette saison 2021 et on retrouve Pierre et Cyrille pour nous parler de ce 1er week end de courses.<br \/>\nAu programme, la victoire de Maverick Vinales qui s&#8217;est montr\u00e9 bien plus agressif que traditionnellement, une tr\u00e8s belle 2\u00e8me place de Zarco ont anim\u00e9 la course MotoGP, course Moto2 men\u00e9e de mains de maitre par Lowes et une belle victoire de Masia en Moto3.<\/p>\n<p>On se retrouve tr\u00e8s vite pour le 2\u00e8me GP au Qatar pour cette saison 2021 qui d\u00e9marre fort.<\/p>\n<p><iframe frameborder=\"0\" loading=\"lazy\" id=\"ausha-nmSb\" height=\"220\" style=\"border: none; width:100%; height:220px\" src=\"https:\/\/player.ausha.co\/index.html?showId=y0mwt679G2Db&#038;display=horizontal&#038;color=%23D0021B&#038;podcastId=BnRpiDe6nk9B&#038;v=3&#038;playerId=ausha-nmSb\"><\/iframe><script src=\"https:\/\/player.ausha.co\/ausha-player.js\"><\/script><\/p>\n<p>Salut \u00e0 toutes et \u00e0 tous,<\/p>\n<p>Course historique \u00e0 Losail, 2 francais aux 2 premi\u00e8res places ! \ud83c\uddf2\ud83c\uddebQuartararo 1er et Zarco 2\u00e8me pour une course tr\u00e8s disput\u00e9e dans la cat\u00e9gorie reine.<br \/>\nLes rookies \u00e9taient \u00e0 la f\u00eate car Martin (Pramac) fait 3 en MotoGP pour sa 2\u00e8me course, Acosta s&#8217;impose en Moto3 en partant des stands et Raul Fernandez a bien anim\u00e9 la course Moto2 et termine 3\u00e8me&#8230; Lowes se montrant imp\u00e9rial!!<\/p>\n<p><iframe frameborder=\"0\" loading=\"lazy\" id=\"ausha-Jj7H\" height=\"220\" style=\"border: none; width:100%; height:220px\" src=\"https:\/\/player.ausha.co\/index.html?showId=y0mwt679G2Db&#038;display=horizontal&#038;color=%23D0021B&#038;podcastId=oRzjiV6RaWXo&#038;v=3&#038;playerId=ausha-Jj7H\"><\/iframe><script src=\"https:\/\/player.ausha.co\/ausha-player.js\"><\/script><\/p>\n<p>Prochaines courses au Portugal !!!<br \/>\n\u00c9pisode enregistr\u00e9 en partenariat avec La-B\u00e9canerie<br \/>\nTwitter: @cqep_pod<br \/>\nDiscord: https:\/\/discord.gg\/eAG5xem<br \/>\n\u00c9pisode enregistr\u00e9 en partenariat avec La-B\u00e9canerie<br \/>\nTwitter: @cqep_pod<br \/>\nDiscord: https:\/\/discord.gg\/eAG5xem <\/p>\n","protected":false},"excerpt":{"rendered":"<p>Salut \u00e0 toutes et \u00e0 tous, on se retrouve pour ce 89\u00e8me \u00e9pisode consacr\u00e9 au 1er Grand Prix de cette&hellip;<\/p>\n","protected":false},"author":930,"featured_media":5062,"comment_status":"open","ping_status":"open","sticky":false,"template":"","format":"standard","meta":{"cybocfi_hide_featured_image":"","footnotes":"","fifu_image_url":"","fifu_image_alt":"","_vp_format_video_url":"","_vp_image_focal_point":[]},"categories":[4],"tags":[98,95,51,52,26,93,110,106,102,107],"views":1401,"_links":{"self":[{"href":"https:\/\/audioactif.fr\/cqep\/wp-json\/wp\/v2\/posts\/5061"}],"collection":[{"href":"https:\/\/audioactif.fr\/cqep\/wp-json\/wp\/v2\/posts"}],"about":[{"href":"https:\/\/audioactif.fr\/cqep\/wp-json\/wp\/v2\/types\/post"}],"author":[{"embeddable":true,"href":"https:\/\/audioactif.fr\/cqep\/wp-json\/wp\/v2\/users\/930"}],"replies":[{"embeddable":true,"href":"https:\/\/audioactif.fr\/cqep\/wp-json\/wp\/v2\/comments?post=5061"}],"version-history":[{"count":1,"href":"https:\/\/audioactif.fr\/cqep\/wp-json\/wp\/v2\/posts\/5061\/revisions"}],"predecessor-version":[{"id":5063,"href":"https:\/\/audioactif.fr\/cqep\/wp-json\/wp\/v2\/posts\/5061\/revisions\/5063"}],"wp:featuredmedia":[{"embeddable":true,"href":"https:\/\/audioactif.fr\/cqep\/wp-json\/wp\/v2\/media\/5062"}],"wp:attachment":[{"href":"https:\/\/audioactif.fr\/cqep\/wp-json\/wp\/v2\/media?parent=5061"}],"wp:term":[{"taxonomy":"category","embeddable":true,"href":"https:\/\/audioactif.fr\/cqep\/wp-json\/wp\/v2\/categories?post=5061"},{"taxonomy":"post_tag","embeddable":true,"href":"https:\/\/audioactif.fr\/cqep\/wp-json\/wp\/v2\/tags?post=5061"}],"curies":[{"name":"wp","href":"https:\/\/api.w.org\/{rel}","templated":true}]}}