{"id":5056,"date":"2021-04-11T22:28:38","date_gmt":"2021-04-11T20:28:38","guid":{"rendered":"http:\/\/audioactif.fr\/cqep\/?p=5056"},"modified":"2021-04-11T22:28:38","modified_gmt":"2021-04-11T20:28:38","slug":"cqep-88-presentation-de-saison-2021","status":"publish","type":"post","link":"https:\/\/audioactif.fr\/cqep\/2021\/04\/11\/cqep-88-presentation-de-saison-2021\/","title":{"rendered":"CQEP &#8211; 88 &#8211; Pr\u00e9sentation de saison 2021"},"content":{"rendered":"<p>Salut \u00e0 toutes et \u00e0 tous,<\/p>\n<p>on se retrouve pour la pr\u00e9sentation de cette saison 2021 avec Pierre, St\u00e9phane, Cyrille et Steph.<br \/>\nNous revenons sur les mouvements d&#8217;intersaison en WorldSBK, SSP300 et 600, MotoE, Moto3, Moto2 et MotoGP &#8230;<br \/>\nBref de quoi patienter tranquillement jusqu&#8217;au Qatar et le potentiel retour au guidon de qui vous savez &#8230; nous verrons bien lors de la FP1 de vendredi matin.<br \/>\nEpisode 88 oblige, nous glissons quelques mots sur Miguel Oliveira.<\/p>\n<p><iframe frameborder=\"0\" loading=\"lazy\" id=\"ausha-wTqB\" height=\"220\" style=\"border: none; width:100%; height:220px\" src=\"https:\/\/player.ausha.co\/index.html?showId=y0mwt679G2Db&#038;display=horizontal&#038;color=%23D0021B&#038;podcastId=bY54HV81xZVb&#038;v=3&#038;playerId=ausha-wTqB\"><\/iframe><script src=\"https:\/\/player.ausha.co\/ausha-player.js\"><\/script><br \/>\nBonne \u00e9coute et \u00e0 bient\u00f4t<br \/>\nTwitter:@cqep_pod (https:\/\/twitter.com\/cqep_pod)<br \/>\nDiscord:https:\/\/discord.gg\/eAG5xem (https:\/\/discord.gg\/eAG5xem)<br \/>\nG\u00e9n\u00e9rique:\u201cRoad trip\u201d by Scott Holmes http:\/\/freemusicarchive.org\/music\/Scott_Holmes<\/p>\n","protected":false},"excerpt":{"rendered":"<p>Salut \u00e0 toutes et \u00e0 tous, on se retrouve pour la pr\u00e9sentation de cette saison 2021 avec Pierre, St\u00e9phane, Cyrille&hellip;<\/p>\n","protected":false},"author":930,"featured_media":5057,"comment_status":"open","ping_status":"open","sticky":false,"template":"","format":"standard","meta":{"cybocfi_hide_featured_image":"","footnotes":"","fifu_image_url":"","fifu_image_alt":"","_vp_format_video_url":"","_vp_image_focal_point":[]},"categories":[4],"tags":[95,51,52,26,93,55,56],"views":1378,"_links":{"self":[{"href":"https:\/\/audioactif.fr\/cqep\/wp-json\/wp\/v2\/posts\/5056"}],"collection":[{"href":"https:\/\/audioactif.fr\/cqep\/wp-json\/wp\/v2\/posts"}],"about":[{"href":"https:\/\/audioactif.fr\/cqep\/wp-json\/wp\/v2\/types\/post"}],"author":[{"embeddable":true,"href":"https:\/\/audioactif.fr\/cqep\/wp-json\/wp\/v2\/users\/930"}],"replies":[{"embeddable":true,"href":"https:\/\/audioactif.fr\/cqep\/wp-json\/wp\/v2\/comments?post=5056"}],"version-history":[{"count":2,"href":"https:\/\/audioactif.fr\/cqep\/wp-json\/wp\/v2\/posts\/5056\/revisions"}],"predecessor-version":[{"id":5060,"href":"https:\/\/audioactif.fr\/cqep\/wp-json\/wp\/v2\/posts\/5056\/revisions\/5060"}],"wp:featuredmedia":[{"embeddable":true,"href":"https:\/\/audioactif.fr\/cqep\/wp-json\/wp\/v2\/media\/5057"}],"wp:attachment":[{"href":"https:\/\/audioactif.fr\/cqep\/wp-json\/wp\/v2\/media?parent=5056"}],"wp:term":[{"taxonomy":"category","embeddable":true,"href":"https:\/\/audioactif.fr\/cqep\/wp-json\/wp\/v2\/categories?post=5056"},{"taxonomy":"post_tag","embeddable":true,"href":"https:\/\/audioactif.fr\/cqep\/wp-json\/wp\/v2\/tags?post=5056"}],"curies":[{"name":"wp","href":"https:\/\/api.w.org\/{rel}","templated":true}]}}