{"id":5034,"date":"2020-10-31T17:10:07","date_gmt":"2020-10-31T16:10:07","guid":{"rendered":"http:\/\/audioactif.fr\/cqep\/?p=5034"},"modified":"2020-10-31T17:10:07","modified_gmt":"2020-10-31T16:10:07","slug":"cqep-77-78-et-79-misano-1-2-barcelone-2020-yamaha-a-la-fete","status":"publish","type":"post","link":"https:\/\/audioactif.fr\/cqep\/2020\/10\/31\/cqep-77-78-et-79-misano-1-2-barcelone-2020-yamaha-a-la-fete\/","title":{"rendered":"CQEP &#8211; 77, 78 et 79 &#8211; Misano 1 &#038; 2, Barcelone 2020 &#8211; Yamaha \u00e0 la f\u00eate"},"content":{"rendered":"<p>Salut \u00e0 toutes et \u00e0 tous,<\/p>\n<p>On se retrouve pour le d\u00e9briefing des courses de Misano 1 &#038; 2 et Barcelone. <\/p>\n<p>Olivier et St\u00e9phane sur un week end qui a plut\u00f4t souri aux pilotes italiens&#8230; Il ne manquait qu&#8217;un podium de Rossi pour que le week end soit parfaitement accompli pour les transalpins !<br \/>\nUne master class de Morbidelli, un impressionnant Bagnaia et un Mir mordant dans le dernier tour forment un podium plein de fra\u00eecheur et d&#8217;in\u00e9dit&#8230; Alors que Dovizioso prend les commandes du championnat. <\/p>\n<p><iframe frameborder=\"0\" id=\"ausha-ekym\" height=\"220\" style=\"border: none; width:100%; height:220px\" src=\"https:\/\/player.ausha.co\/index.html?showId=y0mwt679G2Db&#038;display=horizontal&#038;color=%23D0021B&#038;podcastId=bldLFEK80dQb&#038;v=3&#038;playerId=ausha-ekym\"><\/iframe><script src=\"https:\/\/player.ausha.co\/ausha-player.js\"><\/script><\/p>\n<p>St\u00e9ph et Cyrille reviennent sur le Grand Prix d&#8217;Emilie Romagne avec une course MotoGP marqu\u00e9e par une belle course de Bagnaia, malheureusement conclue par une chute profitant \u00e0 Vinales pour ouvrir son compteur de victoires pour cette saison 2020.<br \/>\nA noter \u00e9galement une course tr\u00e8s bien men\u00e9e par Mir et r\u00e9compens\u00e9e par une belle 2\u00e8me place.<br \/>\nFenati s&#8217;est \u00e9galement mis en avant en remportant une course moto3, encore une fois, tr\u00e8s disput\u00e9e.<\/p>\n<p><iframe frameborder=\"0\" id=\"ausha-maOw\" height=\"220\" style=\"border: none; width:100%; height:220px\" src=\"https:\/\/player.ausha.co\/index.html?showId=y0mwt679G2Db&#038;display=horizontal&#038;color=%23D0021B&#038;podcastId=BNA2TGAOAEXb&#038;v=3&#038;playerId=ausha-maOw\"><\/iframe><script src=\"https:\/\/player.ausha.co\/ausha-player.js\"><\/script><\/p>\n<p>St\u00e9phane et Cyrille d\u00e9briefent le GP de Barcelone avec une course ma\u00eetris\u00e9e par Quartarao et un retour des Suzuki \u00e9norme en fin de course qui posent leurs 2 motos sur le podium.<br \/>\nEn Moto3, une tr\u00e8s belle victoire de Binder pour le team fran\u00e7ais du CIP !!<br \/>\nPlein de cocoricos ce week end!!<\/p>\n<p><iframe frameborder=\"0\" id=\"ausha-o5A9\" height=\"220\" style=\"border: none; width:100%; height:220px\" src=\"https:\/\/player.ausha.co\/index.html?showId=y0mwt679G2Db&#038;display=horizontal&#038;color=%23D0021B&#038;podcastId=brXpUZd2g2ro&#038;v=3&#038;playerId=ausha-o5A9\"><\/iframe><script src=\"https:\/\/player.ausha.co\/ausha-player.js\"><\/script><\/p>\n<p>\u00c9pisodes enregistr\u00e9s en partenariat avec La-B\u00e9canerie <\/p>\n<p>Twitter: @cqep_pod <\/p>\n<p>Discord: https:\/\/discord.gg\/eAG5xem <\/p>\n<p>G\u00e9n\u00e9rique:\u201cRoad trip\u201d by Scott Holmes <\/p>\n","protected":false},"excerpt":{"rendered":"<p>Salut \u00e0 toutes et \u00e0 tous, On se retrouve pour le d\u00e9briefing des courses de Misano 1 &#038; 2 et&hellip;<\/p>\n","protected":false},"author":930,"featured_media":5035,"comment_status":"open","ping_status":"open","sticky":false,"template":"","format":"standard","meta":{"cybocfi_hide_featured_image":"","footnotes":"","fifu_image_url":"","fifu_image_alt":"","_vp_format_video_url":"","_vp_image_focal_point":[]},"categories":[4],"tags":[98,103,51,52,26,93,60,55,102],"views":2559,"_links":{"self":[{"href":"https:\/\/audioactif.fr\/cqep\/wp-json\/wp\/v2\/posts\/5034"}],"collection":[{"href":"https:\/\/audioactif.fr\/cqep\/wp-json\/wp\/v2\/posts"}],"about":[{"href":"https:\/\/audioactif.fr\/cqep\/wp-json\/wp\/v2\/types\/post"}],"author":[{"embeddable":true,"href":"https:\/\/audioactif.fr\/cqep\/wp-json\/wp\/v2\/users\/930"}],"replies":[{"embeddable":true,"href":"https:\/\/audioactif.fr\/cqep\/wp-json\/wp\/v2\/comments?post=5034"}],"version-history":[{"count":2,"href":"https:\/\/audioactif.fr\/cqep\/wp-json\/wp\/v2\/posts\/5034\/revisions"}],"predecessor-version":[{"id":5037,"href":"https:\/\/audioactif.fr\/cqep\/wp-json\/wp\/v2\/posts\/5034\/revisions\/5037"}],"wp:featuredmedia":[{"embeddable":true,"href":"https:\/\/audioactif.fr\/cqep\/wp-json\/wp\/v2\/media\/5035"}],"wp:attachment":[{"href":"https:\/\/audioactif.fr\/cqep\/wp-json\/wp\/v2\/media?parent=5034"}],"wp:term":[{"taxonomy":"category","embeddable":true,"href":"https:\/\/audioactif.fr\/cqep\/wp-json\/wp\/v2\/categories?post=5034"},{"taxonomy":"post_tag","embeddable":true,"href":"https:\/\/audioactif.fr\/cqep\/wp-json\/wp\/v2\/tags?post=5034"}],"curies":[{"name":"wp","href":"https:\/\/api.w.org\/{rel}","templated":true}]}}