{"id":5009,"date":"2020-07-08T21:34:54","date_gmt":"2020-07-08T19:34:54","guid":{"rendered":"http:\/\/audioactif.fr\/cqep\/?p=5009"},"modified":"2020-07-08T21:36:04","modified_gmt":"2020-07-08T19:36:04","slug":"cqep-71-saison-2020-on-remet-ca","status":"publish","type":"post","link":"https:\/\/audioactif.fr\/cqep\/2020\/07\/08\/cqep-71-saison-2020-on-remet-ca\/","title":{"rendered":"CQEP &#8211; 71 &#8211; Saison 2020 (on remet \u00e7a)"},"content":{"rendered":"<p>Salut \u00e0 toutes et \u00e0 tous,<br \/>\nOn se retrouve pour l&#8217;\u00e9pisode 71 et nous revenons sur le retour de la comp\u00e9tition, avec un nouveau calendrier, des conditions sanitaires \u00e0 respecter, quelques adaptations du r\u00e9glement&#8230; bref on fait le point sur les cat\u00e9gories MotoGP, World SBK et EWC.<br \/>\nBref, une petite remise \u00e0 niveau avec les derni\u00e8res nouvelles&#8230;<br \/>\n\u00c9pisode enregistr\u00e9 en partenariat avec La-B\u00e9canerie<\/p>\n<p><iframe frameborder=\"0\" height=\"420\" style=\"border: none; width:100%\" src=\"https:\/\/widget.ausha.co\/index.html?showId=y0mwt679G2Db&#038;display=horizontal&#038;color=%23000000&#038;playlist=true&#038;podcastId=BQ69Uw4rD7Eo&#038;v=3\"><\/iframe><\/p>\n<p>Bonne \u00e9coute et \u00e0 bient\u00f4t<br \/>\nTwitter:@cqep_pod (https:\/\/twitter.com\/cqep_pod)<br \/>\nDiscord:https:\/\/discord.gg\/eAG5xem (https:\/\/discord.gg\/eAG5xem)<br \/>\nG\u00e9n\u00e9rique:\u201cRoad trip\u201d by Scott Holmes http:\/\/freemusicarchive.org\/music\/Scott_Holmes\/  <\/p>\n","protected":false},"excerpt":{"rendered":"<p>Salut \u00e0 toutes et \u00e0 tous, On se retrouve pour l&#8217;\u00e9pisode 71 et nous revenons sur le retour de la&hellip;<\/p>\n","protected":false},"author":930,"featured_media":5010,"comment_status":"open","ping_status":"open","sticky":false,"template":"","format":"standard","meta":{"cybocfi_hide_featured_image":"","footnotes":"","fifu_image_url":"","fifu_image_alt":"","_vp_format_video_url":"","_vp_image_focal_point":[]},"categories":[4],"tags":[94,53,95,51,52,26,93,55],"views":1808,"_links":{"self":[{"href":"https:\/\/audioactif.fr\/cqep\/wp-json\/wp\/v2\/posts\/5009"}],"collection":[{"href":"https:\/\/audioactif.fr\/cqep\/wp-json\/wp\/v2\/posts"}],"about":[{"href":"https:\/\/audioactif.fr\/cqep\/wp-json\/wp\/v2\/types\/post"}],"author":[{"embeddable":true,"href":"https:\/\/audioactif.fr\/cqep\/wp-json\/wp\/v2\/users\/930"}],"replies":[{"embeddable":true,"href":"https:\/\/audioactif.fr\/cqep\/wp-json\/wp\/v2\/comments?post=5009"}],"version-history":[{"count":1,"href":"https:\/\/audioactif.fr\/cqep\/wp-json\/wp\/v2\/posts\/5009\/revisions"}],"predecessor-version":[{"id":5011,"href":"https:\/\/audioactif.fr\/cqep\/wp-json\/wp\/v2\/posts\/5009\/revisions\/5011"}],"wp:featuredmedia":[{"embeddable":true,"href":"https:\/\/audioactif.fr\/cqep\/wp-json\/wp\/v2\/media\/5010"}],"wp:attachment":[{"href":"https:\/\/audioactif.fr\/cqep\/wp-json\/wp\/v2\/media?parent=5009"}],"wp:term":[{"taxonomy":"category","embeddable":true,"href":"https:\/\/audioactif.fr\/cqep\/wp-json\/wp\/v2\/categories?post=5009"},{"taxonomy":"post_tag","embeddable":true,"href":"https:\/\/audioactif.fr\/cqep\/wp-json\/wp\/v2\/tags?post=5009"}],"curies":[{"name":"wp","href":"https:\/\/api.w.org\/{rel}","templated":true}]}}