{"id":4884,"date":"2019-06-06T14:01:15","date_gmt":"2019-06-06T12:01:15","guid":{"rendered":"http:\/\/audioactif.fr\/cqep\/?p=4884"},"modified":"2019-06-06T14:46:49","modified_gmt":"2019-06-06T12:46:49","slug":"cqep-52-le-grand-prix-motogp-de-france-le-mans","status":"publish","type":"post","link":"https:\/\/audioactif.fr\/cqep\/2019\/06\/06\/cqep-52-le-grand-prix-motogp-de-france-le-mans\/","title":{"rendered":"CQEP &#8211; 52 &#8211; Le Grand-Prix MotoGP de France (Le Mans)"},"content":{"rendered":"<p>Salut \u00e0 tous et bienvenue pour ce nouvel \u00e9pisode consacr\u00e9 au GP de France en compagnie de St\u00e9phane, Pierre et Cyrille.<\/p>\n<p>Nous revenons sur les performances de nos frenchies Fabio Quartararo et Johann Zarco, destins crois\u00e9s de ce GP, Marc M\u00e1rquez toujours intouchable (\u00e7a devient un poncif&#8230;), le double podium de Ducati, la course solide de Valentino mais aussi Alex Marquez en Moto 2 et Sam Lowes qui coule.<\/p>\n<p>Sans oublier qu&#8217;on y d\u00e9briefe \u00e9galement longuement des autres courses: les 8h du Slovakia Ring pour le championnat EWC mais aussi les courses d&#8217;Imola en World SBK, World Supersport et WSSP300.<\/p>\n<p>\u00c9pisode enregistr\u00e9 en partenariat avec La-B\u00e9canerie \u00e0 \u00e9couter ici:<\/p>\n<p><iframe loading=\"lazy\" src=\"https:\/\/widget.ausha.co\/index.html?showId=y0mwt679G2Db&amp;color=%2372238e&amp;v=2&amp;display=horizontal&amp;podcastId=b313uvJ678ro&amp;height=200px&amp;width=100%25&amp;mode=single&amp;t=0\" width=\"100%\" height=\"200px\" frameborder=\"0\"><\/iframe><\/p>\n<p>Bonne \u00e9coute et \u00e0 bient\u00f4t<\/p>\n<p>Vous pouvez nous retrouver sur Twitter : <a href=\"https:\/\/twitter.com\/cqep_pod\"><span class=\"\">@cqep_pod<\/span><\/a> et <a href=\"https:\/\/www.facebook.com\/cqeppod\/\">Facebook<\/a><\/p>\n<p>Et maintenant sur Discord : <a href=\"https:\/\/discord.gg\/eAG5xem\">https:\/\/discord.gg\/eAG5xem<\/a><\/p>\n<p>G\u00e9n\u00e9rique : <a href=\"http:\/\/freemusicarchive.org\/music\/Scott_Holmes\/\">\u201cRoad trip\u201d by Scott Holmes<\/a><\/p>\n","protected":false},"excerpt":{"rendered":"<p>Salut \u00e0 tous et bienvenue pour ce nouvel \u00e9pisode consacr\u00e9 au GP de France en compagnie de St\u00e9phane, Pierre et&hellip;<\/p>\n","protected":false},"author":932,"featured_media":4890,"comment_status":"open","ping_status":"open","sticky":false,"template":"","format":"standard","meta":{"cybocfi_hide_featured_image":"","footnotes":"","fifu_image_url":"","fifu_image_alt":"","_vp_format_video_url":"","_vp_image_focal_point":[]},"categories":[4],"tags":[50,54,53,24,64,37,51,52,26,68,55,56,69],"views":1556,"_links":{"self":[{"href":"https:\/\/audioactif.fr\/cqep\/wp-json\/wp\/v2\/posts\/4884"}],"collection":[{"href":"https:\/\/audioactif.fr\/cqep\/wp-json\/wp\/v2\/posts"}],"about":[{"href":"https:\/\/audioactif.fr\/cqep\/wp-json\/wp\/v2\/types\/post"}],"author":[{"embeddable":true,"href":"https:\/\/audioactif.fr\/cqep\/wp-json\/wp\/v2\/users\/932"}],"replies":[{"embeddable":true,"href":"https:\/\/audioactif.fr\/cqep\/wp-json\/wp\/v2\/comments?post=4884"}],"version-history":[{"count":5,"href":"https:\/\/audioactif.fr\/cqep\/wp-json\/wp\/v2\/posts\/4884\/revisions"}],"predecessor-version":[{"id":4889,"href":"https:\/\/audioactif.fr\/cqep\/wp-json\/wp\/v2\/posts\/4884\/revisions\/4889"}],"wp:featuredmedia":[{"embeddable":true,"href":"https:\/\/audioactif.fr\/cqep\/wp-json\/wp\/v2\/media\/4890"}],"wp:attachment":[{"href":"https:\/\/audioactif.fr\/cqep\/wp-json\/wp\/v2\/media?parent=4884"}],"wp:term":[{"taxonomy":"category","embeddable":true,"href":"https:\/\/audioactif.fr\/cqep\/wp-json\/wp\/v2\/categories?post=4884"},{"taxonomy":"post_tag","embeddable":true,"href":"https:\/\/audioactif.fr\/cqep\/wp-json\/wp\/v2\/tags?post=4884"}],"curies":[{"name":"wp","href":"https:\/\/api.w.org\/{rel}","templated":true}]}}