{"id":4816,"date":"2019-02-25T07:00:43","date_gmt":"2019-02-25T06:00:43","guid":{"rendered":"http:\/\/audioactif.fr\/cqep\/?p=4816"},"modified":"2019-02-26T14:49:51","modified_gmt":"2019-02-26T13:49:51","slug":"hs05-special-lancement-motogp-sur-canal","status":"publish","type":"post","link":"https:\/\/audioactif.fr\/cqep\/2019\/02\/25\/hs05-special-lancement-motogp-sur-canal\/","title":{"rendered":"HS05 &#8211; Sp\u00e9cial Lancement MotoGP sur Canal+"},"content":{"rendered":"<div class=\"\" data-block=\"true\" data-editor=\"eusmd\" data-offset-key=\"1m8dt-0-0\">\n<div data-offset-key=\"1m8dt-0-0\"><img loading=\"lazy\" decoding=\"async\" class=\"size-full wp-image-4818 aligncenter\" src=\"http:\/\/audioactif.fr\/cqep\/wp-content\/uploads\/sites\/3\/2019\/02\/IMG_620811111111.jpeg\" alt=\"\" width=\"2048\" height=\"1536\" srcset=\"https:\/\/audioactif.fr\/cqep\/wp-content\/uploads\/sites\/3\/2019\/02\/IMG_620811111111.jpeg 2048w, https:\/\/audioactif.fr\/cqep\/wp-content\/uploads\/sites\/3\/2019\/02\/IMG_620811111111-300x225.jpeg 300w, https:\/\/audioactif.fr\/cqep\/wp-content\/uploads\/sites\/3\/2019\/02\/IMG_620811111111-768x576.jpeg 768w, https:\/\/audioactif.fr\/cqep\/wp-content\/uploads\/sites\/3\/2019\/02\/IMG_620811111111-1024x768.jpeg 1024w, https:\/\/audioactif.fr\/cqep\/wp-content\/uploads\/sites\/3\/2019\/02\/IMG_620811111111-160x120.jpeg 160w\" sizes=\"(max-width: 2048px) 100vw, 2048px\" \/><\/div>\n<div data-offset-key=\"1m8dt-0-0\"><\/div>\n<div class=\"public-DraftStyleDefault-block public-DraftStyleDefault-ltr\" data-offset-key=\"1m8dt-0-0\"><span data-offset-key=\"1m8dt-0-0\">Bonjour \u00e0 tous,<\/span><\/div>\n<\/div>\n<div class=\"\" data-block=\"true\" data-editor=\"eusmd\" data-offset-key=\"epcco-0-0\">\n<div class=\"public-DraftStyleDefault-block public-DraftStyleDefault-ltr\" data-offset-key=\"epcco-0-0\"><span data-offset-key=\"epcco-0-0\">On se retrouve pour ce nouveau num\u00e9ro Hors S\u00e9rie consacr\u00e9 au lancement du MotoGP sur Canal+, nouveau diffuseur officiel pour les 5 prochaines ann\u00e9es de cette discipline<\/span><span data-offset-key=\"epcco-0-0\">.<\/span><\/div>\n<div data-offset-key=\"epcco-0-0\"><\/div>\n<\/div>\n<div class=\"\" data-block=\"true\" data-editor=\"eusmd\" data-offset-key=\"8bi0l-0-0\">\n<div class=\"public-DraftStyleDefault-block public-DraftStyleDefault-ltr\" data-offset-key=\"8bi0l-0-0\"><span data-offset-key=\"8bi0l-0-0\">A cette occasion, nous avons rencontr\u00e9 Mme Marina Lorenzo, journaliste et t\u00eate d&#8217;affiche de cette discipline sur les chaines C+ mais aussi Johann Zarco et Fabio Quartararo qui \u00e9taient pr\u00e9sents \u00e0 cette conf\u00e9rence.<\/span><\/div>\n<div data-offset-key=\"8bi0l-0-0\"><\/div>\n<\/div>\n<div class=\"\" data-block=\"true\" data-editor=\"eusmd\" data-offset-key=\"48dms-0-0\">\n<div class=\"public-DraftStyleDefault-block public-DraftStyleDefault-ltr\" data-offset-key=\"48dms-0-0\"><span data-offset-key=\"48dms-0-0\">Plusieurs th\u00e8mes sont abord\u00e9s durant cet \u00e9pisode; notamment le dispositif g\u00e9n\u00e9ral mis en place par C+ pour suivre la discipline.<\/span><\/div>\n<\/div>\n<div data-offset-key=\"48dms-0-0\">On fera aussi le tour de\u00a0 l&#8217;\u00e9quipe \u00e9ditoriale, et des projets annonc\u00e9s.<\/div>\n<div data-offset-key=\"48dms-0-0\"><\/div>\n<div class=\"\" data-block=\"true\" data-editor=\"eusmd\" data-offset-key=\"abm78-0-0\">\n<div class=\"public-DraftStyleDefault-block public-DraftStyleDefault-ltr\" data-offset-key=\"abm78-0-0\"><span data-offset-key=\"abm78-0-0\">Merci \u00e0 Johann et Fabio pour le temps qu&#8217;ils nous ont consacr\u00e9 pour les interviews.<br \/>\nMerci \u00e0 Wilfried PREVOST (Responsable Presse Sports C+) et S\u00e9verine RAY (Directrice de la communication Sport C+) qui ont permis notre invitation \u00e0 cette conf\u00e9rence de presse.<br \/>\n<\/span><\/div>\n<\/div>\n<div data-offset-key=\"agvvh-0-0\">\n<p>Enfin on remercie chaleureusement Mme Marina LORENZO sans qui cet \u00e9pisode n\u2019aurait sans doute pas exist\u00e9, pour sa disponibilit\u00e9, son investissement personnel quand \u00e0 notre pr\u00e9sence, sa gentillesse et tout le temps qu\u2019elle nous a accord\u00e9.<\/p>\n<p style=\"text-align: center;\"><iframe loading=\"lazy\" src=\"https:\/\/widget.ausha.co\/index.html?podcastId=ykJpUVQ27Vmo&amp;showId=y0mwt679G2Db&amp;playlist=true&amp;color=%23D0021B&amp;display=horizontal&amp;v=2&amp;autoplay=true&amp;height=400px\" width=\"100%\" height=\"400px\" frameborder=\"0\">&nbsp;<\/p>\n<p><\/iframe><\/p>\n<\/div>\n<div class=\"\" data-block=\"true\" data-editor=\"eusmd\" data-offset-key=\"5mvfu-0-0\">\n<div class=\"public-DraftStyleDefault-block public-DraftStyleDefault-ltr\" data-offset-key=\"5mvfu-0-0\"><span data-offset-key=\"5mvfu-0-0\">Bonne \u00e9coute \u00e0 vous.<\/span><\/div>\n<div data-offset-key=\"5mvfu-0-0\"><\/div>\n<\/div>\n<div class=\"\" data-block=\"true\" data-editor=\"eusmd\" data-offset-key=\"ftkcr-0-0\">\n<div class=\"public-DraftStyleDefault-block public-DraftStyleDefault-ltr\" data-offset-key=\"ftkcr-0-0\"><span data-offset-key=\"ftkcr-0-0\">C&#8217;est qui en pole<\/span><\/div>\n<\/div>\n<div class=\"\" data-block=\"true\" data-editor=\"eusmd\" data-offset-key=\"54pdh-0-0\">\n<div class=\"public-DraftStyleDefault-block public-DraftStyleDefault-ltr\" data-offset-key=\"54pdh-0-0\"><span data-offset-key=\"54pdh-0-0\">Twitter<\/span><span data-offset-key=\"54pdh-1-0\"> :<\/span><span data-offset-key=\"54pdh-2-0\"> @cqep_pod\u00a0<\/span><\/div>\n<\/div>\n<div class=\"\" data-block=\"true\" data-editor=\"eusmd\" data-offset-key=\"64fvv-0-0\">\n<div class=\"public-DraftStyleDefault-block public-DraftStyleDefault-ltr\" data-offset-key=\"64fvv-0-0\"><span data-offset-key=\"64fvv-0-0\">Discord<\/span><span data-offset-key=\"64fvv-1-0\"> :<\/span><span data-offset-key=\"64fvv-2-0\"> https:\/\/discord.gg\/eAG5xem\u00a0<\/span><\/div>\n<\/div>\n<div class=\"\" data-block=\"true\" data-editor=\"eusmd\" data-offset-key=\"eui58-0-0\">\n<div class=\"public-DraftStyleDefault-block public-DraftStyleDefault-ltr\" data-offset-key=\"eui58-0-0\"><span data-offset-key=\"eui58-0-0\">G\u00e9n\u00e9rique<\/span><span data-offset-key=\"eui58-1-0\"> :<\/span><span data-offset-key=\"eui58-2-0\"> \u201cRoad trip\u201d by Scott Holmes http:\/\/freemusicarchive.org\/music\/Scott_Holmes\/\u00a0<\/span><\/div>\n<div data-offset-key=\"eui58-0-0\">Cr\u00e9dit photo : C&#8217;est qui en pole ?<\/div>\n<\/div>\n<div class=\"\" data-block=\"true\" data-editor=\"eusmd\" data-offset-key=\"62aor-0-0\"><\/div>\n","protected":false},"excerpt":{"rendered":"<p>Bonjour \u00e0 tous, On se retrouve pour ce nouveau num\u00e9ro Hors S\u00e9rie consacr\u00e9 au lancement du MotoGP sur Canal+, nouveau&hellip;<\/p>\n","protected":false},"author":932,"featured_media":4827,"comment_status":"open","ping_status":"open","sticky":false,"template":"","format":"standard","meta":{"cybocfi_hide_featured_image":"","footnotes":"","fifu_image_url":"","fifu_image_alt":"","_vp_format_video_url":"","_vp_image_focal_point":[]},"categories":[4],"tags":[50,29],"views":2437,"_links":{"self":[{"href":"https:\/\/audioactif.fr\/cqep\/wp-json\/wp\/v2\/posts\/4816"}],"collection":[{"href":"https:\/\/audioactif.fr\/cqep\/wp-json\/wp\/v2\/posts"}],"about":[{"href":"https:\/\/audioactif.fr\/cqep\/wp-json\/wp\/v2\/types\/post"}],"author":[{"embeddable":true,"href":"https:\/\/audioactif.fr\/cqep\/wp-json\/wp\/v2\/users\/932"}],"replies":[{"embeddable":true,"href":"https:\/\/audioactif.fr\/cqep\/wp-json\/wp\/v2\/comments?post=4816"}],"version-history":[{"count":5,"href":"https:\/\/audioactif.fr\/cqep\/wp-json\/wp\/v2\/posts\/4816\/revisions"}],"predecessor-version":[{"id":4824,"href":"https:\/\/audioactif.fr\/cqep\/wp-json\/wp\/v2\/posts\/4816\/revisions\/4824"}],"wp:featuredmedia":[{"embeddable":true,"href":"https:\/\/audioactif.fr\/cqep\/wp-json\/wp\/v2\/media\/4827"}],"wp:attachment":[{"href":"https:\/\/audioactif.fr\/cqep\/wp-json\/wp\/v2\/media?parent=4816"}],"wp:term":[{"taxonomy":"category","embeddable":true,"href":"https:\/\/audioactif.fr\/cqep\/wp-json\/wp\/v2\/categories?post=4816"},{"taxonomy":"post_tag","embeddable":true,"href":"https:\/\/audioactif.fr\/cqep\/wp-json\/wp\/v2\/tags?post=4816"}],"curies":[{"name":"wp","href":"https:\/\/api.w.org\/{rel}","templated":true}]}}