{"id":4478,"date":"2018-08-15T21:57:19","date_gmt":"2018-08-15T19:57:19","guid":{"rendered":"http:\/\/audioactif.fr\/cqep\/?p=4478"},"modified":"2018-10-22T12:24:54","modified_gmt":"2018-10-22T10:24:54","slug":"la-course-motogp-du-red-bull-ring-autriche-2018","status":"publish","type":"post","link":"https:\/\/audioactif.fr\/cqep\/2018\/08\/15\/la-course-motogp-du-red-bull-ring-autriche-2018\/","title":{"rendered":"La course MotoGP du Red Bull Ring (Autriche) 2018"},"content":{"rendered":"<p>Salut \u00e0 tous,<br \/>\nOn se retrouve pour le d\u00e9brief du Grand Prix d&#8217;Autriche, 11\u00e8me de cette saison 2018.<br \/>\nAu programme, les derni\u00e8res news, les courses. On parle de Cal Crutchlow qui porte le N\u00b035.<\/p>\n<p>Episode enregistr\u00e9 IRL chez M. Pierre.<\/p>\n<p>Bonne \u00e9coute \u00e0 tous<\/p>\n<p style=\"text-align: center;\"><iframe loading=\"lazy\" src=\"https:\/\/widget.ausha.co\/index.html?podcastId=bPPRCX8N3G9b&amp;showId=y0mwt679G2Db&amp;color=%23D0021B&amp;width=100%25&amp;height=200&amp;display=horizontal&amp;v=2\" width=\"100%\" height=\"200px\" frameborder=\"0\">&nbsp;<\/p>\n<p><\/iframe><\/p>\n<p style=\"text-align: left;\">G\u00e9n\u00e9rique :<br \/>\n&#8220;Road trip&#8221; by Scott Holmes<br \/>\nhttp:\/\/freemusicarchive.org\/music\/Scott_Holmes\/<\/p>\n<p>cr\u00e9dit photo : OffBikes<\/p>\n","protected":false},"excerpt":{"rendered":"<p>Salut \u00e0 tous, On se retrouve pour le d\u00e9brief du Grand Prix d&#8217;Autriche, 11\u00e8me de cette saison 2018. Au programme,&hellip;<\/p>\n","protected":false},"author":930,"featured_media":4482,"comment_status":"open","ping_status":"open","sticky":false,"template":"","format":"standard","meta":{"cybocfi_hide_featured_image":"","footnotes":"","fifu_image_url":"","fifu_image_alt":"","_vp_format_video_url":"","_vp_image_focal_point":[]},"categories":[4],"tags":[24,26,31],"views":1233,"_links":{"self":[{"href":"https:\/\/audioactif.fr\/cqep\/wp-json\/wp\/v2\/posts\/4478"}],"collection":[{"href":"https:\/\/audioactif.fr\/cqep\/wp-json\/wp\/v2\/posts"}],"about":[{"href":"https:\/\/audioactif.fr\/cqep\/wp-json\/wp\/v2\/types\/post"}],"author":[{"embeddable":true,"href":"https:\/\/audioactif.fr\/cqep\/wp-json\/wp\/v2\/users\/930"}],"replies":[{"embeddable":true,"href":"https:\/\/audioactif.fr\/cqep\/wp-json\/wp\/v2\/comments?post=4478"}],"version-history":[{"count":2,"href":"https:\/\/audioactif.fr\/cqep\/wp-json\/wp\/v2\/posts\/4478\/revisions"}],"predecessor-version":[{"id":4663,"href":"https:\/\/audioactif.fr\/cqep\/wp-json\/wp\/v2\/posts\/4478\/revisions\/4663"}],"wp:featuredmedia":[{"embeddable":true,"href":"https:\/\/audioactif.fr\/cqep\/wp-json\/wp\/v2\/media\/4482"}],"wp:attachment":[{"href":"https:\/\/audioactif.fr\/cqep\/wp-json\/wp\/v2\/media?parent=4478"}],"wp:term":[{"taxonomy":"category","embeddable":true,"href":"https:\/\/audioactif.fr\/cqep\/wp-json\/wp\/v2\/categories?post=4478"},{"taxonomy":"post_tag","embeddable":true,"href":"https:\/\/audioactif.fr\/cqep\/wp-json\/wp\/v2\/tags?post=4478"}],"curies":[{"name":"wp","href":"https:\/\/api.w.org\/{rel}","templated":true}]}}