{"id":4422,"date":"2018-04-11T07:00:42","date_gmt":"2018-04-11T05:00:42","guid":{"rendered":"http:\/\/audioactif.fr\/cqep\/?p=4422"},"modified":"2018-10-22T12:29:36","modified_gmt":"2018-10-22T10:29:36","slug":"le-gp-dargentine-a-termas-de-rio-hondo-2","status":"publish","type":"post","link":"https:\/\/audioactif.fr\/cqep\/2018\/04\/11\/le-gp-dargentine-a-termas-de-rio-hondo-2\/","title":{"rendered":"Le GP d&#8217;Argentine \u00e0 Termas de Rio Hondo"},"content":{"rendered":"<p>Pour le debrief de la seconde course de la saison MotoGP 2018 en Argentine nous avons \u00e9t\u00e9 servi en biscuit(s) notamment lors des qualifications du motoGP puis du d\u00e9roulement de la course!<\/p>\n<p style=\"text-align: center;\"><iframe loading=\"lazy\" src=\"https:\/\/widget.ausha.co\/index.html?podcastId=bVxPU9w13wNo&amp;showId=y0mwt679G2Db&amp;color=%23D0021B&amp;width=100%25&amp;height=200&amp;display=horizontal&amp;v=2\" width=\"100%\" height=\"200px\" frameborder=\"0\">&nbsp;<\/p>\n<p><\/iframe><\/p>\n<p>G\u00e9n\u00e9rique : &#8220;Road trip&#8221; by Scott Holmes<br \/>\nhttp:\/\/freemusicarchive.org\/music\/Scott_Holmes\/<\/p>\n<p>cr\u00e9dit photo : OffBikes<\/p>\n","protected":false},"excerpt":{"rendered":"<p>Pour le debrief de la seconde course de la saison MotoGP 2018 en Argentine nous avons \u00e9t\u00e9 servi en biscuit(s)&hellip;<\/p>\n","protected":false},"author":1,"featured_media":4613,"comment_status":"open","ping_status":"open","sticky":false,"template":"","format":"standard","meta":{"cybocfi_hide_featured_image":"","footnotes":"","fifu_image_url":"","fifu_image_alt":"","_vp_format_video_url":"","_vp_image_focal_point":[]},"categories":[4],"tags":[24,26,40],"views":1436,"_links":{"self":[{"href":"https:\/\/audioactif.fr\/cqep\/wp-json\/wp\/v2\/posts\/4422"}],"collection":[{"href":"https:\/\/audioactif.fr\/cqep\/wp-json\/wp\/v2\/posts"}],"about":[{"href":"https:\/\/audioactif.fr\/cqep\/wp-json\/wp\/v2\/types\/post"}],"author":[{"embeddable":true,"href":"https:\/\/audioactif.fr\/cqep\/wp-json\/wp\/v2\/users\/1"}],"replies":[{"embeddable":true,"href":"https:\/\/audioactif.fr\/cqep\/wp-json\/wp\/v2\/comments?post=4422"}],"version-history":[{"count":4,"href":"https:\/\/audioactif.fr\/cqep\/wp-json\/wp\/v2\/posts\/4422\/revisions"}],"predecessor-version":[{"id":4630,"href":"https:\/\/audioactif.fr\/cqep\/wp-json\/wp\/v2\/posts\/4422\/revisions\/4630"}],"wp:featuredmedia":[{"embeddable":true,"href":"https:\/\/audioactif.fr\/cqep\/wp-json\/wp\/v2\/media\/4613"}],"wp:attachment":[{"href":"https:\/\/audioactif.fr\/cqep\/wp-json\/wp\/v2\/media?parent=4422"}],"wp:term":[{"taxonomy":"category","embeddable":true,"href":"https:\/\/audioactif.fr\/cqep\/wp-json\/wp\/v2\/categories?post=4422"},{"taxonomy":"post_tag","embeddable":true,"href":"https:\/\/audioactif.fr\/cqep\/wp-json\/wp\/v2\/tags?post=4422"}],"curies":[{"name":"wp","href":"https:\/\/api.w.org\/{rel}","templated":true}]}}