{"id":4386,"date":"2017-06-16T07:00:16","date_gmt":"2017-06-16T05:00:16","guid":{"rendered":"http:\/\/audioactif.fr\/cqep\/?p=4386"},"modified":"2018-08-26T22:22:27","modified_gmt":"2018-08-26T20:22:27","slug":"la-course-motogp-de-catalogne-esp","status":"publish","type":"post","link":"https:\/\/audioactif.fr\/cqep\/2017\/06\/16\/la-course-motogp-de-catalogne-esp\/","title":{"rendered":"La course MotoGP de Catalogne (ESP)"},"content":{"rendered":"<p>Dans ce huiti\u00e8me \u00e9pisode nous revenons sur l&#8217;avant grand prix (conf\u00e9rences de presse, FP et qualifs) et sur les courses Moto3, Moto2 et Moto GP qui se sont courues sur le circuit de Montmelo en Catalogne, au nord de Barcelone.<\/p>\n<p>Comme \u00e0 l&#8217;accoutum\u00e9e nous \u00e9voquons le circuit qui accueillera le prochain GP: le mythique circuit d&#8217;Assen aux pays-bas.<\/p>\n<p style=\"text-align: center;\"><iframe loading=\"lazy\" src=\"https:\/\/widget.ausha.co\/index.html?podcastId=oKX5U8GRJ7Vy&amp;showId=y0mwt679G2Db&amp;color=%23D0021B&amp;width=100%25&amp;height=200&amp;display=horizontal&amp;v=2\" width=\"100%\" height=\"200px\" frameborder=\"0\">&nbsp;<\/p>\n<p><\/iframe><\/p>\n<p>Si cela vous tente rejoignez-nous et partagez vos avis via @cqep_pod sur Twitter.<\/p>\n<p>G\u00e9n\u00e9rique : &#8220;Road trip&#8221; by Scott Holmes<br \/>\nhttp:\/\/freemusicarchive.org\/music\/Scott_Holmes\/<\/p>\n<p>cr\u00e9dit photo : OffBikes<\/p>\n","protected":false},"excerpt":{"rendered":"<p>Dans ce huiti\u00e8me \u00e9pisode nous revenons sur l&#8217;avant grand prix (conf\u00e9rences de presse, FP et qualifs) et sur les courses&hellip;<\/p>\n","protected":false},"author":1,"featured_media":4558,"comment_status":"open","ping_status":"open","sticky":false,"template":"","format":"standard","meta":{"cybocfi_hide_featured_image":"","footnotes":"","fifu_image_url":"","fifu_image_alt":"","_vp_format_video_url":"","_vp_image_focal_point":[]},"categories":[4],"tags":[],"views":1075,"_links":{"self":[{"href":"https:\/\/audioactif.fr\/cqep\/wp-json\/wp\/v2\/posts\/4386"}],"collection":[{"href":"https:\/\/audioactif.fr\/cqep\/wp-json\/wp\/v2\/posts"}],"about":[{"href":"https:\/\/audioactif.fr\/cqep\/wp-json\/wp\/v2\/types\/post"}],"author":[{"embeddable":true,"href":"https:\/\/audioactif.fr\/cqep\/wp-json\/wp\/v2\/users\/1"}],"replies":[{"embeddable":true,"href":"https:\/\/audioactif.fr\/cqep\/wp-json\/wp\/v2\/comments?post=4386"}],"version-history":[{"count":4,"href":"https:\/\/audioactif.fr\/cqep\/wp-json\/wp\/v2\/posts\/4386\/revisions"}],"predecessor-version":[{"id":4577,"href":"https:\/\/audioactif.fr\/cqep\/wp-json\/wp\/v2\/posts\/4386\/revisions\/4577"}],"wp:featuredmedia":[{"embeddable":true,"href":"https:\/\/audioactif.fr\/cqep\/wp-json\/wp\/v2\/media\/4558"}],"wp:attachment":[{"href":"https:\/\/audioactif.fr\/cqep\/wp-json\/wp\/v2\/media?parent=4386"}],"wp:term":[{"taxonomy":"category","embeddable":true,"href":"https:\/\/audioactif.fr\/cqep\/wp-json\/wp\/v2\/categories?post=4386"},{"taxonomy":"post_tag","embeddable":true,"href":"https:\/\/audioactif.fr\/cqep\/wp-json\/wp\/v2\/tags?post=4386"}],"curies":[{"name":"wp","href":"https:\/\/api.w.org\/{rel}","templated":true}]}}