{"id":554,"date":"2026-08-28T04:00:00","date_gmt":"2026-08-28T02:00:00","guid":{"rendered":"http:\/\/audioactif.fr\/mdam\/2026\/08\/28\/30-years-ago-fff-de-fff-bien-sur\/"},"modified":"2026-08-28T04:00:00","modified_gmt":"2026-08-28T02:00:00","slug":"30-years-ago-fff-de-fff-bien-sur","status":"publish","type":"post","link":"http:\/\/audioactif.fr\/mdam\/2026\/08\/28\/30-years-ago-fff-de-fff-bien-sur\/","title":{"rendered":"30 Years Ago &#8230; FFF de FFF (bien s\u00fbr)"},"content":{"rendered":"<p><iframe loading=\"lazy\" frameborder=\"0\" height=\"200px\" scrolling=\"no\" width=\"100%\" src=\"https:\/\/widget.ausha.co\/index.html?podcastId=y0Q0fP2DAwYb&amp;display=horizontal&amp;v=2\"><\/iframe><\/p>\n<p>Salut \u00e0 toutes et \u00e0 tous, <\/p>\n<\/p>\n<p>on se retrouve en plein milieu des ann\u00e9es 90 avec le 3\u00e8me album du groupe FFF qui arrive en pleine possession de ses moyens et de ses compositions. <\/p>\n<p>On s&#8217;\u00e9coute quelques titres, issus de l&#8217;album qui a montr\u00e9 que la fusion fran\u00e7aise avec toute sa place dans le paysage musical de cette p\u00e9riode.<\/p>\n<p>Energie, finesse, cet album regorge bonnes chansons et pour clore l&#8217;\u00e9pisode, rien de tel que Barb\u00e8s issu du concert des Eurock\u00e9ennes&#8230;<\/p>\n<\/p>\n<p>H\u00e9berg\u00e9 par Ausha. Visitez <a href=\"https:\/\/ausha.co\/politique-de-confidentialite\">ausha.co\/politique-de-confidentialite<\/a> pour plus d&#8217;informations.<\/p>\n","protected":false},"excerpt":{"rendered":"<p>Salut \u00e0 toutes et \u00e0 tous, <\/p>\n<p>on se retrouve en plein milieu des ann\u00e9es 90 avec le 3\u00e8me album du groupe FFF qui arrive en pleine possession de ses moyens et de ses compositions.<br \/>\nOn s&#8217;\u00e9coute quelques titres, issus de l&#8217;album qui a montr\u00e9 que la fusion&#8230;<\/p>\n","protected":false},"author":930,"featured_media":555,"comment_status":"open","ping_status":"open","sticky":false,"template":"","format":"standard","meta":{"cybocfi_hide_featured_image":"","footnotes":"","fifu_image_url":"","fifu_image_alt":"","_vp_format_video_url":"","_vp_image_focal_point":[]},"categories":[4],"tags":[],"views":9,"_links":{"self":[{"href":"http:\/\/audioactif.fr\/mdam\/wp-json\/wp\/v2\/posts\/554"}],"collection":[{"href":"http:\/\/audioactif.fr\/mdam\/wp-json\/wp\/v2\/posts"}],"about":[{"href":"http:\/\/audioactif.fr\/mdam\/wp-json\/wp\/v2\/types\/post"}],"author":[{"embeddable":true,"href":"http:\/\/audioactif.fr\/mdam\/wp-json\/wp\/v2\/users\/930"}],"replies":[{"embeddable":true,"href":"http:\/\/audioactif.fr\/mdam\/wp-json\/wp\/v2\/comments?post=554"}],"version-history":[{"count":0,"href":"http:\/\/audioactif.fr\/mdam\/wp-json\/wp\/v2\/posts\/554\/revisions"}],"wp:featuredmedia":[{"embeddable":true,"href":"http:\/\/audioactif.fr\/mdam\/wp-json\/wp\/v2\/media\/555"}],"wp:attachment":[{"href":"http:\/\/audioactif.fr\/mdam\/wp-json\/wp\/v2\/media?parent=554"}],"wp:term":[{"taxonomy":"category","embeddable":true,"href":"http:\/\/audioactif.fr\/mdam\/wp-json\/wp\/v2\/categories?post=554"},{"taxonomy":"post_tag","embeddable":true,"href":"http:\/\/audioactif.fr\/mdam\/wp-json\/wp\/v2\/tags?post=554"}],"curies":[{"name":"wp","href":"https:\/\/api.w.org\/{rel}","templated":true}]}}